{"id":9858,"date":"2021-11-19T11:48:17","date_gmt":"2021-11-19T14:48:17","guid":{"rendered":"http:\/\/dgospel.com.br\/portal\/?p=9858"},"modified":"2021-11-19T11:48:18","modified_gmt":"2021-11-19T14:48:18","slug":"wanderlei-barbosa-e-bancada-federal-buscam-a-expansao-do-projeto-calha-norte-no-tocantins","status":"publish","type":"post","link":"https:\/\/dgospel.com.br\/portal\/index.php\/2021\/11\/19\/wanderlei-barbosa-e-bancada-federal-buscam-a-expansao-do-projeto-calha-norte-no-tocantins\/","title":{"rendered":"Wanderlei Barbosa e bancada federal buscam a expans\u00e3o do projeto Calha Norte no Tocantins"},"content":{"rendered":"\n<p>O governador em exerc\u00edcio do Estado do Tocantins, Wanderlei Barbosa, junto com a bancada federal e a Associa\u00e7\u00e3o Tocantinense de Munic\u00edpios (ATM), pleiteia a expans\u00e3o do programa federal&nbsp;<em>Calha Norte<\/em>&nbsp;para todo o Estado. Na manh\u00e3 desta quinta-feira, 18, foi realizada em Palmas a apresenta\u00e7\u00e3o do programa para os prefeitos tocantinenses.<\/p>\n\n\n\n<p>Atualmente, 48 munic\u00edpios fazem parte do programa que prev\u00ea a transfer\u00eancia de recursos or\u00e7ament\u00e1rios por interm\u00e9dio de conv\u00eanios firmados entre o Minist\u00e9rio da Defesa e os estados ou munic\u00edpios.&nbsp;<\/p>\n\n\n\n<p>O objetivo \u00e9 conseguir integrar os outros 91 munic\u00edpios ao programa e assim atender todo o Tocantins. Na oportunidade, o governador Wanderlei Barbosa ressaltou a parceria com a bancada federal em prol do desenvolvimento do Estado.<\/p>\n\n\n\n<p>&#8220;Meu primeiro ato como governador foi buscar a bancada federal, porque sei que n\u00e3o fazemos nada sozinhos. Esse trabalho de aproxima\u00e7\u00e3o n\u00e3o ficou apenas no Congresso Nacional, n\u00f3s queremos ter essa aproxima\u00e7\u00e3o com a Assembleia, os prefeitos e os munic\u00edpios. N\u00f3s temos alguns projetos em curso e estamos orientando nosso secretariado no sentido de fazer os repasses para os munic\u00edpios dentro dos prazos. Todos os projetos e os programas que vamos fazer n\u00f3s teremos nossa confian\u00e7a voltada para os munic\u00edpios&#8221;, afirmou o governador Wanderlei Barbosa.&nbsp;<\/p>\n\n\n\n<p>O senador Eduardo Gomes, articulador do programa no Estado, destacou que para o ano de 2022, a previs\u00e3o \u00e9 de atender todos os 139 munic\u00edpios. \u201cO Calha Norte \u00e9 um programa de caracter\u00edsticas amplas. Consegue, por exemplo, possibilitar aos munic\u00edpios a constru\u00e7\u00e3o de pr\u00e9dios p\u00fablicos, isso parece pouco, mas n\u00e3o \u00e9. Deixar de construir um pr\u00e9dio p\u00fablico \u00e9 deixar de atender o p\u00fablico, e isso n\u00e3o pode acontecer. Para o pr\u00f3ximo ano, n\u00f3s queremos que todos os munic\u00edpios do Tocantins sejam integrados ao programa\u201d, ressaltou.&nbsp;<\/p>\n\n\n\n<p>Quanto \u00e0 previs\u00e3o or\u00e7ament\u00e1ria, o senador destacou que at\u00e9 o momento a bancada federal j\u00e1 destinou cerca de R$ 18 milh\u00f5es. \u201cEm 2020, foram investidos R$ 20 milh\u00f5es para 48 munic\u00edpios e 100% desse recurso foi utilizado. Para o pr\u00f3ximo ano, j\u00e1 temos cerca de R$ 18 milh\u00f5es de emendas parlamentares empenhadas, mas os parlamentares ainda poder\u00e3o destinar mais recursos se assim desejarem&#8221;, informou Eduardo Gomes.&nbsp;<\/p>\n\n\n\n<p><strong>Aplica\u00e7\u00e3o nos munic\u00edpios<\/strong><\/p>\n\n\n\n<p>O general de Divis\u00e3o e diretor do projeto&nbsp;<em>Calha Norte<\/em>, Ubiratan Poty, explicou que o programa atua nos munic\u00edpios com o atendimento a projetos de infraestrutura b\u00e1sica, complementar e aquisi\u00e7\u00e3o de equipamentos. \u201cO Programa trabalha com recursos de emendas parlamentares e, por meio dessas emendas, s\u00e3o firmados conv\u00eanios com os governos de Estados ou munic\u00edpios que podem ser de obras como escolas, feiras, postos m\u00e9dicos, pavimenta\u00e7\u00e3o ou compra de materiais, ve\u00edculos, m\u00e1quinas e equipamentos. Celebrados esses conv\u00eanios, o Minist\u00e9rio da Defesa acompanha esse processo desde a aquisi\u00e7\u00e3o, a presta\u00e7\u00e3o de contas e a entrega \u00e0 popula\u00e7\u00e3o\u201d, finalizou.<\/p>\n\n\n\n<p>O munic\u00edpio de Novo Alegre \u00e9 um dos 48 munic\u00edpios que j\u00e1 est\u00e3o no programa e tiveram acesso a recursos. O prefeito Fernando Pereira destacou que o&nbsp;<em>Calha Norte<\/em>&nbsp;permitiu \u00e0 popula\u00e7\u00e3o sonhar com dias melhores. \u201cAntes do programa, n\u00f3s n\u00e3o t\u00ednhamos a possibilidade de sonhar com pol\u00edticas p\u00fablicas mais amplas. Em um ano fazendo parte do&nbsp;<em>Calha Norte<\/em>, n\u00f3s conseguimos com esse recurso adquirir caminh\u00f5es basculantes e temos tamb\u00e9m a previs\u00e3o de recebermos uma ponte e assim facilitar o acesso da nossa popula\u00e7\u00e3o\u201d, informou.<\/p>\n\n\n\n<p>Para que os outros munic\u00edpios tocantinenses sejam integrados ao programa&nbsp;<em>Calha Norte<\/em>&nbsp;\u00e9 preciso que o ministro da Defesa, Braga Netto; e o presidente, Jair Bolsonaro, deem aval positivo \u00e0 proposta apresentada pelo senador Eduardo Gomes.&nbsp;<\/p>\n\n\n\n<p><strong>Sobre o Programa<\/strong><\/p>\n\n\n\n<p>O programa&nbsp;<em>Calha Norte<\/em>&nbsp;foi criado em 1985 para contemplar munic\u00edpios isolados e carentes de pol\u00edticas p\u00fablicas da Regi\u00e3o Norte. Na \u00e9poca, o Estado do Tocantins, que foi criado em 1988, pertencia ao ent\u00e3o Estado de Goi\u00e1s. Com sua cria\u00e7\u00e3o, passou a integrar a Regi\u00e3o Norte, com direito a receber a\u00e7\u00f5es do&nbsp;<em>Calha Norte<\/em>, devido \u00e0s condi\u00e7\u00f5es econ\u00f4micas e sociais.&nbsp;<\/p>\n\n\n\n<p><strong>Presen\u00e7as<\/strong><\/p>\n\n\n\n<p>O evento contou com a presen\u00e7a dos deputados federais Carlos Gaguim, Eli Borges, Tiago Dimas e professora Dorinha. Tamb\u00e9m estiveram presentes o secret\u00e1rio de Estado da Fazenda, Jairo Mariano; deputados estaduais e prefeitos de v\u00e1rias regi\u00f5es do Estado.<\/p>\n\n\n\n<figure class=\"wp-block-image\"><img src=\"https:\/\/central.to.gov.br\/image\/270255?w=565&amp;h=349\" alt=\"\"\/><\/figure>\n\n\n\n<p>Governador Wanderlei Barbosa, ATM e bancada federal pleiteiam expans\u00e3o do programa federal Calha Norte para todo o Estado &#8211; Aldemar Ribeiro\/Governo do Tocantins<\/p>\n\n\n\n<figure class=\"wp-block-image\"><img src=\"https:\/\/central.to.gov.br\/image\/270257?w=565&amp;h=349\" alt=\"\"\/><\/figure>\n\n\n\n<p>Diretor do Projeto Calha Norte, General Ubiratan Poty, explicou que o programa atua com o atendimento a projetos de infraestrutura b\u00e1sica &#8211; Aldemar Ribeiro\/Governo do Tocantins.<br><\/p>\n","protected":false},"excerpt":{"rendered":"<p>O governador em exerc\u00edcio do Estado do Tocantins, Wanderlei Barbosa, junto com a bancada federal e a Associa\u00e7\u00e3o Tocantinense de Munic\u00edpios (ATM), pleiteia a expans\u00e3o do programa federal&nbsp;Calha Norte&nbsp;para todo o Estado. Na manh\u00e3 desta quinta-feira, 18, foi realizada em Palmas a apresenta\u00e7\u00e3o do programa para os prefeitos tocantinenses. Atualmente, 48 munic\u00edpios fazem parte do [&hellip;]<\/p>\n","protected":false},"author":2,"featured_media":9859,"comment_status":"open","ping_status":"open","sticky":false,"template":"","format":"standard","meta":[],"categories":[3],"tags":[13],"_links":{"self":[{"href":"https:\/\/dgospel.com.br\/portal\/index.php\/wp-json\/wp\/v2\/posts\/9858"}],"collection":[{"href":"https:\/\/dgospel.com.br\/portal\/index.php\/wp-json\/wp\/v2\/posts"}],"about":[{"href":"https:\/\/dgospel.com.br\/portal\/index.php\/wp-json\/wp\/v2\/types\/post"}],"author":[{"embeddable":true,"href":"https:\/\/dgospel.com.br\/portal\/index.php\/wp-json\/wp\/v2\/users\/2"}],"replies":[{"embeddable":true,"href":"https:\/\/dgospel.com.br\/portal\/index.php\/wp-json\/wp\/v2\/comments?post=9858"}],"version-history":[{"count":1,"href":"https:\/\/dgospel.com.br\/portal\/index.php\/wp-json\/wp\/v2\/posts\/9858\/revisions"}],"predecessor-version":[{"id":9860,"href":"https:\/\/dgospel.com.br\/portal\/index.php\/wp-json\/wp\/v2\/posts\/9858\/revisions\/9860"}],"wp:featuredmedia":[{"embeddable":true,"href":"https:\/\/dgospel.com.br\/portal\/index.php\/wp-json\/wp\/v2\/media\/9859"}],"wp:attachment":[{"href":"https:\/\/dgospel.com.br\/portal\/index.php\/wp-json\/wp\/v2\/media?parent=9858"}],"wp:term":[{"taxonomy":"category","embeddable":true,"href":"https:\/\/dgospel.com.br\/portal\/index.php\/wp-json\/wp\/v2\/categories?post=9858"},{"taxonomy":"post_tag","embeddable":true,"href":"https:\/\/dgospel.com.br\/portal\/index.php\/wp-json\/wp\/v2\/tags?post=9858"}],"curies":[{"name":"wp","href":"https:\/\/api.w.org\/{rel}","templated":true}]}}