{"id":986,"date":"2018-08-14T16:12:46","date_gmt":"2018-08-14T19:12:46","guid":{"rendered":"http:\/\/dgospel.com.br\/portal\/?p=986"},"modified":"2018-08-14T16:12:46","modified_gmt":"2018-08-14T19:12:46","slug":"curso-de-formacao-para-cadastro-reserva-do-sistema-penitenciario-comecara-em-17-de-setembro","status":"publish","type":"post","link":"https:\/\/dgospel.com.br\/portal\/index.php\/2018\/08\/14\/curso-de-formacao-para-cadastro-reserva-do-sistema-penitenciario-comecara-em-17-de-setembro\/","title":{"rendered":"Curso de forma\u00e7\u00e3o para cadastro reserva do Sistema Penitenci\u00e1rio come\u00e7ar\u00e1 em 17 de setembro"},"content":{"rendered":"<p style=\"font-weight: 400;\">Por meio de portaria, n\u00ba 619, publicada no Di\u00e1rio Oficial do Estado (DOE) desta segunda-feira, 13, a Secretaria de Estado da Cidadania e Justi\u00e7a (Seciju) mudou a data da aula inaugural do Curso de Forma\u00e7\u00e3o Profissional, que \u00e9 etapa eliminat\u00f3ria e classificat\u00f3ria, dos candidatos do cadastro de reserva do concurso p\u00fablico para provimento dos cargos do Quadro da Defesa Social e Seguran\u00e7a Penitenci\u00e1ria do Tocantins. A aula inaugural estava programada para o dia 27 deste m\u00eas e agora mudou para 17 de setembro das 14 \u00e0s 18 horas, no Audit\u00f3rio do Centro Universit\u00e1rio Luterano de Palmas, localizado na Avenida Joaquim Teot\u00f4nio Segurado, em Palmas.<\/p>\n<p style=\"font-weight: 400;\">\n<p style=\"font-weight: 400;\">Ainda por meio de portaria, n\u00famero 620, os 384 candidatos alunos foram convocados para comparecer ao local com duas horas de anteced\u00eancia para o credenciamento usando o uniforme padr\u00e3o do Curso de Forma\u00e7\u00e3o. A mudan\u00e7a nas datas do cronograma da forma\u00e7\u00e3o, segundo a Seciju na portaria n\u00ba 621, \u00e9 um virtude da contrata\u00e7\u00e3o dos instrutores do curso por meio de credenciamento e n\u00e3o mais por processo licitat\u00f3rio, nos termos do artigo 25 da Lei n\u00ba 8.666 (Licita\u00e7\u00f5es e Contratos), ou seja, \u201c\u00e9 inexig\u00edvel a licita\u00e7\u00e3o quando houver inviabilidade de competi\u00e7\u00e3o\u201d.<\/p>\n<p style=\"font-weight: 400;\">\n<p style=\"font-weight: 400;\"><strong>Novo cronograma<\/strong><\/p>\n<p style=\"font-weight: 400;\"><strong>\u00a0<\/strong><\/p>\n<p style=\"font-weight: 400;\">In\u00edcio do Curso de Forma\u00e7\u00e3o para os cargos de t\u00e9cnico e analista em Defesa Social com aula inaugural: 17.09<\/p>\n<p style=\"font-weight: 400;\">Fim do Curso de Forma\u00e7\u00e3o para os cargos de t\u00e9cnico e analista em Defesa Social: 17.10<\/p>\n<p style=\"font-weight: 400;\">Publica\u00e7\u00e3o dos locais de prova e hor\u00e1rio: 19.10<\/p>\n<p style=\"font-weight: 400;\">Aplica\u00e7\u00e3o da prova objetiva: 21.10<\/p>\n<p style=\"font-weight: 400;\">Divulga\u00e7\u00e3o do gabarito provis\u00f3rio da prova objetiva: 22.10<\/p>\n<p style=\"font-weight: 400;\">Prazo para interposi\u00e7\u00e3o de recurso da prova objetiva: 23.10<\/p>\n<p style=\"font-weight: 400;\">Publica\u00e7\u00e3o dos recursos deferidos e indeferidos e gabarito definitivo da prova objetiva: 30.10<\/p>\n<p style=\"font-weight: 400;\">Publica\u00e7\u00e3o do resultado final para os cargos de t\u00e9cnico e analistas em Defesa Social: 06.11<\/p>\n","protected":false},"excerpt":{"rendered":"<p>Por meio de portaria, n\u00ba 619, publicada no Di\u00e1rio Oficial do Estado (DOE) desta segunda-feira, 13, a Secretaria de Estado da Cidadania e Justi\u00e7a (Seciju) mudou a data da aula inaugural do Curso de Forma\u00e7\u00e3o Profissional, que \u00e9 etapa eliminat\u00f3ria e classificat\u00f3ria, dos candidatos do cadastro de reserva do concurso p\u00fablico para provimento dos cargos [&hellip;]<\/p>\n","protected":false},"author":2,"featured_media":987,"comment_status":"open","ping_status":"open","sticky":false,"template":"","format":"standard","meta":[],"categories":[2,3],"tags":[],"_links":{"self":[{"href":"https:\/\/dgospel.com.br\/portal\/index.php\/wp-json\/wp\/v2\/posts\/986"}],"collection":[{"href":"https:\/\/dgospel.com.br\/portal\/index.php\/wp-json\/wp\/v2\/posts"}],"about":[{"href":"https:\/\/dgospel.com.br\/portal\/index.php\/wp-json\/wp\/v2\/types\/post"}],"author":[{"embeddable":true,"href":"https:\/\/dgospel.com.br\/portal\/index.php\/wp-json\/wp\/v2\/users\/2"}],"replies":[{"embeddable":true,"href":"https:\/\/dgospel.com.br\/portal\/index.php\/wp-json\/wp\/v2\/comments?post=986"}],"version-history":[{"count":1,"href":"https:\/\/dgospel.com.br\/portal\/index.php\/wp-json\/wp\/v2\/posts\/986\/revisions"}],"predecessor-version":[{"id":988,"href":"https:\/\/dgospel.com.br\/portal\/index.php\/wp-json\/wp\/v2\/posts\/986\/revisions\/988"}],"wp:featuredmedia":[{"embeddable":true,"href":"https:\/\/dgospel.com.br\/portal\/index.php\/wp-json\/wp\/v2\/media\/987"}],"wp:attachment":[{"href":"https:\/\/dgospel.com.br\/portal\/index.php\/wp-json\/wp\/v2\/media?parent=986"}],"wp:term":[{"taxonomy":"category","embeddable":true,"href":"https:\/\/dgospel.com.br\/portal\/index.php\/wp-json\/wp\/v2\/categories?post=986"},{"taxonomy":"post_tag","embeddable":true,"href":"https:\/\/dgospel.com.br\/portal\/index.php\/wp-json\/wp\/v2\/tags?post=986"}],"curies":[{"name":"wp","href":"https:\/\/api.w.org\/{rel}","templated":true}]}}