{"id":9867,"date":"2021-11-19T12:34:52","date_gmt":"2021-11-19T15:34:52","guid":{"rendered":"http:\/\/dgospel.com.br\/portal\/?p=9867"},"modified":"2021-11-19T12:34:53","modified_gmt":"2021-11-19T15:34:53","slug":"vice-presidente-da-ccj-declara-apoio-a-andre-mendonca-no-stf","status":"publish","type":"post","link":"https:\/\/dgospel.com.br\/portal\/index.php\/2021\/11\/19\/vice-presidente-da-ccj-declara-apoio-a-andre-mendonca-no-stf\/","title":{"rendered":"Vice-presidente da CCJ declara apoio a Andr\u00e9 Mendon\u00e7a no STF"},"content":{"rendered":"\n<p> Apesar de ter se recusado a marcar a data da sabatina de Andr\u00e9 Mendon\u00e7a para uma vaga no Supremo Tribunal Federal (STF), o vice-presidente da Comiss\u00e3o de Constitui\u00e7\u00e3o e Justi\u00e7a (CCJ) do Senado, Antonio Anastasia (PSD-MG), disse ser favor\u00e1vel ao nome de Mendon\u00e7a. A declara\u00e7\u00e3o foi dada pelo parlamentar nesta quarta-feira (17), ao ser cobrado por outros integrantes da CCJ, conforme informou o jornal O Globo. <\/p>\n\n\n\n<p> Ex-advogado-geral da Uni\u00e3o, Mendon\u00e7a foi indicado em 13 de julho pelo presidente Jair Bolsonaro para ocupar a vaga deixada pelo ministro Marco Aur\u00e9lio de Mello no STF. Mas, desde ent\u00e3o, seu nome n\u00e3o passou pelo primeiro passo para ingressar na Corte, j\u00e1 que o senador Davi Alcolumbre (DEM-AP), presidente da CCJ, ainda n\u00e3o definiu a data da sabatina. <\/p>\n\n\n\n<p>De acordo com o ve\u00edculo, Alcolumbre faltou \u00e0 sess\u00e3o da CCJ desta quarta, o que levou Anastasia a ser cobrado.<\/p>\n\n\n\n<p>\u2013 Eu compartilho das manifesta\u00e7\u00f5es e do sentimento aqui colocados pela necessidade disso, da realiza\u00e7\u00e3o da sabatina. Ali\u00e1s, eu, pessoalmente, dei uma entrevista no \u00faltimo final de semana nesse sentido. E at\u00e9, em um caso excepcional, que nunca fa\u00e7o isso, j\u00e1 me manifestei a favor da indica\u00e7\u00e3o porque acredito que Andr\u00e9 Mendon\u00e7a tem as condi\u00e7\u00f5es de exercer as fun\u00e7\u00f5es no Supremo \u2013 apontou.<\/p>\n\n\n\n<p>O vice da CCJ disse partilhar do sentimento dos outros integrantes da comiss\u00e3o.<\/p>\n\n\n\n<p>\u2013 Me somarei a essas solicita\u00e7\u00f5es [para] que a mat\u00e9ria avance, mas pe\u00e7o que compreendam as minhas limita\u00e7\u00f5es formais e de compet\u00eancia, que \u00e9 t\u00e3o somente a presid\u00eancia eventual para dirigir os trabalhos, mas n\u00e3o para delibera\u00e7\u00e3o.<\/p>\n","protected":false},"excerpt":{"rendered":"<p>Apesar de ter se recusado a marcar a data da sabatina de Andr\u00e9 Mendon\u00e7a para uma vaga no Supremo Tribunal Federal (STF), o vice-presidente da Comiss\u00e3o de Constitui\u00e7\u00e3o e Justi\u00e7a (CCJ) do Senado, Antonio Anastasia (PSD-MG), disse ser favor\u00e1vel ao nome de Mendon\u00e7a. A declara\u00e7\u00e3o foi dada pelo parlamentar nesta quarta-feira (17), ao ser cobrado [&hellip;]<\/p>\n","protected":false},"author":2,"featured_media":9868,"comment_status":"open","ping_status":"open","sticky":false,"template":"","format":"standard","meta":[],"categories":[4],"tags":[14],"_links":{"self":[{"href":"https:\/\/dgospel.com.br\/portal\/index.php\/wp-json\/wp\/v2\/posts\/9867"}],"collection":[{"href":"https:\/\/dgospel.com.br\/portal\/index.php\/wp-json\/wp\/v2\/posts"}],"about":[{"href":"https:\/\/dgospel.com.br\/portal\/index.php\/wp-json\/wp\/v2\/types\/post"}],"author":[{"embeddable":true,"href":"https:\/\/dgospel.com.br\/portal\/index.php\/wp-json\/wp\/v2\/users\/2"}],"replies":[{"embeddable":true,"href":"https:\/\/dgospel.com.br\/portal\/index.php\/wp-json\/wp\/v2\/comments?post=9867"}],"version-history":[{"count":1,"href":"https:\/\/dgospel.com.br\/portal\/index.php\/wp-json\/wp\/v2\/posts\/9867\/revisions"}],"predecessor-version":[{"id":9869,"href":"https:\/\/dgospel.com.br\/portal\/index.php\/wp-json\/wp\/v2\/posts\/9867\/revisions\/9869"}],"wp:featuredmedia":[{"embeddable":true,"href":"https:\/\/dgospel.com.br\/portal\/index.php\/wp-json\/wp\/v2\/media\/9868"}],"wp:attachment":[{"href":"https:\/\/dgospel.com.br\/portal\/index.php\/wp-json\/wp\/v2\/media?parent=9867"}],"wp:term":[{"taxonomy":"category","embeddable":true,"href":"https:\/\/dgospel.com.br\/portal\/index.php\/wp-json\/wp\/v2\/categories?post=9867"},{"taxonomy":"post_tag","embeddable":true,"href":"https:\/\/dgospel.com.br\/portal\/index.php\/wp-json\/wp\/v2\/tags?post=9867"}],"curies":[{"name":"wp","href":"https:\/\/api.w.org\/{rel}","templated":true}]}}