{"id":9871,"date":"2021-11-22T09:49:04","date_gmt":"2021-11-22T12:49:04","guid":{"rendered":"http:\/\/dgospel.com.br\/portal\/?p=9871"},"modified":"2021-11-22T09:49:05","modified_gmt":"2021-11-22T12:49:05","slug":"ministro-do-stf-suspende-lei-que-proibe-uso-da-linguagem-neutra-em-escolas-de-rondonia","status":"publish","type":"post","link":"https:\/\/dgospel.com.br\/portal\/index.php\/2021\/11\/22\/ministro-do-stf-suspende-lei-que-proibe-uso-da-linguagem-neutra-em-escolas-de-rondonia\/","title":{"rendered":"Ministro do STF suspende lei que pro\u00edbe uso da linguagem neutra em escolas de Rond\u00f4nia"},"content":{"rendered":"\n<p>Uma decis\u00e3o liminar concedida pelo ministro Edson Fachin, do Supremo Tribunal Federal (STF), suspende a efic\u00e1cia da lei estadual n\u00b0 5.123 que pro\u00edbe o uso da&nbsp;<strong><a href=\"https:\/\/www.guiame.com.br\/gospel\/noticias\/projetos-de-lei-pretendem-barrar-linguagem-neutra-em-cidades-e-estados-brasileiros.html\">linguagem neutra<\/a><\/strong>&nbsp;nas escolas p\u00fablicas e privadas de Rond\u00f4nia. A A\u00e7\u00e3o Direta de Inconstitucionalidade (ADI) foi votada na quarta-feira (18).<\/p>\n\n\n\n<p>De acordo com o voto do relator, a lei de autoria do deputado Eyder Brasil (PSL) possui &#8220;graves v\u00edcios&#8221; que podem causar o &#8220;silenciamento&#8221; do corpo docente e alunos das institui\u00e7\u00f5es de ensino rondonienses. Para o ministro, a lei representa uma esp\u00e9cie de\u00a0<strong><a href=\"https:\/\/www.guiame.com.br\/gospel\/noticias\/usp-promove-evento-com-o-titulo-crianca-viada-travesti-na-escola.html\">censura<\/a><\/strong>.<\/p>\n\n\n\n<p>A ADI foi protocolada pela Confedera\u00e7\u00e3o Nacional dos Trabalhadores em Estabelecimentos de Ensino (Contee) que representa profissionais da educa\u00e7\u00e3o que atuam nas institui\u00e7\u00f5es privadas de ensino no pa\u00eds.<\/p>\n\n\n\n<p>Segundo a peti\u00e7\u00e3o, a lei \u00e9 inconstitucional porque ultrapassa os limites da compet\u00eancia do Estado, considerando que a Uni\u00e3o \u00e9 a \u00fanica que deve legislar sobre as diretrizes e bases gerais da educa\u00e7\u00e3o.<\/p>\n\n\n\n<p>Outro ponto que sustenta a inconstitucionalidade, de acordo com a Contee, \u00e9 que a proibi\u00e7\u00e3o da linguagem neutra &#8220;atenta contra os princ\u00edpios fundamentais do pa\u00eds&#8221;, indicados pela Constitui\u00e7\u00e3o Federal.<\/p>\n\n\n\n<p>A decis\u00e3o liminar ainda deve passar pelo plen\u00e1rio do STF para confirma\u00e7\u00e3o, mas ainda n\u00e3o h\u00e1 uma data prevista. At\u00e9 o m\u00e9rito ser votado, a lei segue suspensa.<\/p>\n","protected":false},"excerpt":{"rendered":"<p>Uma decis\u00e3o liminar concedida pelo ministro Edson Fachin, do Supremo Tribunal Federal (STF), suspende a efic\u00e1cia da lei estadual n\u00b0 5.123 que pro\u00edbe o uso da&nbsp;linguagem neutra&nbsp;nas escolas p\u00fablicas e privadas de Rond\u00f4nia. A A\u00e7\u00e3o Direta de Inconstitucionalidade (ADI) foi votada na quarta-feira (18). De acordo com o voto do relator, a lei de autoria [&hellip;]<\/p>\n","protected":false},"author":2,"featured_media":9872,"comment_status":"open","ping_status":"open","sticky":false,"template":"","format":"standard","meta":[],"categories":[4],"tags":[14],"_links":{"self":[{"href":"https:\/\/dgospel.com.br\/portal\/index.php\/wp-json\/wp\/v2\/posts\/9871"}],"collection":[{"href":"https:\/\/dgospel.com.br\/portal\/index.php\/wp-json\/wp\/v2\/posts"}],"about":[{"href":"https:\/\/dgospel.com.br\/portal\/index.php\/wp-json\/wp\/v2\/types\/post"}],"author":[{"embeddable":true,"href":"https:\/\/dgospel.com.br\/portal\/index.php\/wp-json\/wp\/v2\/users\/2"}],"replies":[{"embeddable":true,"href":"https:\/\/dgospel.com.br\/portal\/index.php\/wp-json\/wp\/v2\/comments?post=9871"}],"version-history":[{"count":1,"href":"https:\/\/dgospel.com.br\/portal\/index.php\/wp-json\/wp\/v2\/posts\/9871\/revisions"}],"predecessor-version":[{"id":9873,"href":"https:\/\/dgospel.com.br\/portal\/index.php\/wp-json\/wp\/v2\/posts\/9871\/revisions\/9873"}],"wp:featuredmedia":[{"embeddable":true,"href":"https:\/\/dgospel.com.br\/portal\/index.php\/wp-json\/wp\/v2\/media\/9872"}],"wp:attachment":[{"href":"https:\/\/dgospel.com.br\/portal\/index.php\/wp-json\/wp\/v2\/media?parent=9871"}],"wp:term":[{"taxonomy":"category","embeddable":true,"href":"https:\/\/dgospel.com.br\/portal\/index.php\/wp-json\/wp\/v2\/categories?post=9871"},{"taxonomy":"post_tag","embeddable":true,"href":"https:\/\/dgospel.com.br\/portal\/index.php\/wp-json\/wp\/v2\/tags?post=9871"}],"curies":[{"name":"wp","href":"https:\/\/api.w.org\/{rel}","templated":true}]}}