{"id":9874,"date":"2021-11-22T10:04:45","date_gmt":"2021-11-22T13:04:45","guid":{"rendered":"http:\/\/dgospel.com.br\/portal\/?p=9874"},"modified":"2021-11-22T10:04:46","modified_gmt":"2021-11-22T13:04:46","slug":"malafaia-sai-em-defesa-de-pastor-obrigado-a-se-retratar-por-criticas-ao-ativismo-lgbt","status":"publish","type":"post","link":"https:\/\/dgospel.com.br\/portal\/index.php\/2021\/11\/22\/malafaia-sai-em-defesa-de-pastor-obrigado-a-se-retratar-por-criticas-ao-ativismo-lgbt\/","title":{"rendered":"Malafaia sai em defesa de pastor obrigado a se retratar por cr\u00edticas ao ativismo LGBT"},"content":{"rendered":"\n<p> A imposi\u00e7\u00e3o por parte do Minist\u00e9rio P\u00fablico a um pastor, que endossou um boicote a empresas que promovem bandeiras LGBT, a se retratar, tornou-se alvo de uma convoca\u00e7\u00e3o a pastores de todo o Brasil por parte do l\u00edder da ADVEC, pastor Silas Malafaia. <\/p>\n\n\n\n<p>Malafaia publicou um&nbsp;<a target=\"_blank\" href=\"https:\/\/www.youtube.com\/watch?v=uAwTiR3Vd9s\" rel=\"noreferrer noopener\">v\u00eddeo<\/a>&nbsp;em que se refere ao caso do pastor Carlos C\u00e9sar Janu\u00e1rio, da Primeira Igreja Batista de Ipia\u00fa (BA), obrigado a se retratar lendo um texto redigido em parceria com o Minist\u00e9rio P\u00fablico estadual por ter usado o termo \u201chomossexualismo\u201d ao inv\u00e9s de homossexualidade.<\/p>\n\n\n\n<p>\u201cA persegui\u00e7\u00e3o religiosa a evang\u00e9licos come\u00e7ou. Uma promotora do Minist\u00e9rio P\u00fablico da Bahia chama um pastor, e o pastor \u2013 com medo, l\u00f3gico \u2013 aceita um acordo para durante 30 dias, no culto,&nbsp;<a href=\"https:\/\/noticias.gospelmais.com.br\/mp-pastor-retratar-termo-homossexualismo-150444.html\"><strong>pedir desculpas do que ele fala no culto<\/strong><\/a>\u201d, introduziu Silas Malafaia.<\/p>\n\n\n\n<p>\u201cO que ele falou? Ele diz para os fi\u00e9is n\u00e3o comprarem produto de duas empresas que deram apoio \u00e0 causa gay no Dia do Orgulho Gay, e tamb\u00e9m ele usou a palavra \u2018homossexualismo\u2019, que segundo a promotora, \u00e9 uma palavra ofensiva que denota doen\u00e7a\u201d, acrescentou.<\/p>\n\n\n\n<p>Em seguida, o pastor-presidente da Assembleia de Deus Vit\u00f3ria em Cristo (ADVEC) recapitulou os princ\u00edpios basilares da liberdade religiosa no ordenamento jur\u00eddico brasileiro: \u201cIsso \u00e9 o absurdo dos absurdos, da cretinice. Vamos \u00e0 Constitui\u00e7\u00e3o? O artigo 5\u00b0 \u00e9 cl\u00e1usula p\u00e9trea, ningu\u00e9m pode mudar. Inciso VI: \u2018Inviol\u00e1vel a liberdade de consci\u00eancia e de cren\u00e7a, sendo assegurado o livre exerc\u00edcio dos cultos religiosos e garantida, na forma da lei, a prote\u00e7\u00e3o aos locais de culto e suas liturgias\u201d.<\/p>\n\n\n\n<p>\u201cLugar do culto \u00e9 inviol\u00e1vel. Inciso VIII: \u2018Ningu\u00e9m ser\u00e1 privado de direito por motivo de cren\u00e7a religiosa ou de convic\u00e7\u00e3o filos\u00f3fica ou pol\u00edtica\u2019. \u00c9 um absurdo o Minist\u00e9rio P\u00fablico querer determinar o que se fala num culto\u201d, disse Malafaia.<\/p>\n\n\n\n<h2>Convoca\u00e7\u00e3o<\/h2>\n\n\n\n<p>Malafaia, que \u00e9 um dos mais ferrenhos advers\u00e1rios da milit\u00e2ncia LGBT no pa\u00eds, mais uma vez incentivou colegas de minist\u00e9rio a se posicionarem de maneira proativa na defesa da cara liberdade religiosa:<\/p>\n\n\n\n<p>\u201cQuero conclamar todos os pastores do Brasil, neste domingo, a darem uma palavra na sua igreja, de manh\u00e3 ou de noite, mostrando os pecados da \u00e1rea sexual, adult\u00e9rio, prostitui\u00e7\u00e3o e homossexualismo. Eu vou falar! Convoco voc\u00eas, meus colegas, a falarem num dos cultos. N\u00f3s n\u00e3o podemos aceitar isso, gente!\u201d.<\/p>\n\n\n\n<p> Ao final, o pastor prometeu que n\u00e3o se intimidar\u00e1 diante do cen\u00e1rio de persegui\u00e7\u00e3o e defender\u00e1 a compreens\u00e3o b\u00edblica sobre o tema: \u201cSe nos calarmos agora, amanh\u00e3 esses caras v\u00e3o querer prender pastores pelo que falam na igreja. Eles rasgam a Constitui\u00e7\u00e3o. Isso \u00e9 uma afronta \u00e0 Constitui\u00e7\u00e3o, aos direitos individuais. Domingo eu vou falar, e o dia que eu botar o p\u00e9 na Bahia para pregar, eu vou falar. Eu desafio essa cretinice e essa bandidagem e essa safadeza\u201d. <\/p>\n\n\n\n<figure class=\"wp-block-embed-youtube wp-block-embed is-type-video is-provider-youtube wp-embed-aspect-16-9 wp-has-aspect-ratio\"><div class=\"wp-block-embed__wrapper\">\n<iframe loading=\"lazy\" title=\"Aten\u00e7\u00e3o, evang\u00e9licos! A persegui\u00e7\u00e3o contra n\u00f3s come\u00e7ou\" width=\"630\" height=\"354\" src=\"https:\/\/www.youtube.com\/embed\/uAwTiR3Vd9s?feature=oembed\" frameborder=\"0\" allow=\"accelerometer; autoplay; clipboard-write; encrypted-media; gyroscope; picture-in-picture\" allowfullscreen><\/iframe>\n<\/div><\/figure>\n","protected":false},"excerpt":{"rendered":"<p>A imposi\u00e7\u00e3o por parte do Minist\u00e9rio P\u00fablico a um pastor, que endossou um boicote a empresas que promovem bandeiras LGBT, a se retratar, tornou-se alvo de uma convoca\u00e7\u00e3o a pastores de todo o Brasil por parte do l\u00edder da ADVEC, pastor Silas Malafaia. Malafaia publicou um&nbsp;v\u00eddeo&nbsp;em que se refere ao caso do pastor Carlos C\u00e9sar [&hellip;]<\/p>\n","protected":false},"author":2,"featured_media":9875,"comment_status":"open","ping_status":"open","sticky":false,"template":"","format":"standard","meta":[],"categories":[5],"tags":[14],"_links":{"self":[{"href":"https:\/\/dgospel.com.br\/portal\/index.php\/wp-json\/wp\/v2\/posts\/9874"}],"collection":[{"href":"https:\/\/dgospel.com.br\/portal\/index.php\/wp-json\/wp\/v2\/posts"}],"about":[{"href":"https:\/\/dgospel.com.br\/portal\/index.php\/wp-json\/wp\/v2\/types\/post"}],"author":[{"embeddable":true,"href":"https:\/\/dgospel.com.br\/portal\/index.php\/wp-json\/wp\/v2\/users\/2"}],"replies":[{"embeddable":true,"href":"https:\/\/dgospel.com.br\/portal\/index.php\/wp-json\/wp\/v2\/comments?post=9874"}],"version-history":[{"count":1,"href":"https:\/\/dgospel.com.br\/portal\/index.php\/wp-json\/wp\/v2\/posts\/9874\/revisions"}],"predecessor-version":[{"id":9876,"href":"https:\/\/dgospel.com.br\/portal\/index.php\/wp-json\/wp\/v2\/posts\/9874\/revisions\/9876"}],"wp:featuredmedia":[{"embeddable":true,"href":"https:\/\/dgospel.com.br\/portal\/index.php\/wp-json\/wp\/v2\/media\/9875"}],"wp:attachment":[{"href":"https:\/\/dgospel.com.br\/portal\/index.php\/wp-json\/wp\/v2\/media?parent=9874"}],"wp:term":[{"taxonomy":"category","embeddable":true,"href":"https:\/\/dgospel.com.br\/portal\/index.php\/wp-json\/wp\/v2\/categories?post=9874"},{"taxonomy":"post_tag","embeddable":true,"href":"https:\/\/dgospel.com.br\/portal\/index.php\/wp-json\/wp\/v2\/tags?post=9874"}],"curies":[{"name":"wp","href":"https:\/\/api.w.org\/{rel}","templated":true}]}}