{"id":9877,"date":"2021-11-24T16:07:49","date_gmt":"2021-11-24T19:07:49","guid":{"rendered":"http:\/\/dgospel.com.br\/portal\/?p=9877"},"modified":"2021-11-24T16:07:49","modified_gmt":"2021-11-24T19:07:49","slug":"ccj-aprova-proposta-que-da-2-vagas-no-stf-a-bolsonaro","status":"publish","type":"post","link":"https:\/\/dgospel.com.br\/portal\/index.php\/2021\/11\/24\/ccj-aprova-proposta-que-da-2-vagas-no-stf-a-bolsonaro\/","title":{"rendered":"CCJ aprova proposta que \u201cd\u00e1\u201d 2 vagas no STF a Bolsonaro"},"content":{"rendered":"\n<p> Nesta ter\u00e7a-feira (23), a Comiss\u00e3o de Constitui\u00e7\u00e3o e Justi\u00e7a (CCJ) da C\u00e2mara dos Deputados aprovou uma Proposta de Emenda \u00e0 Constitui\u00e7\u00e3o (PEC) que define os 70 anos como a idade de aposentadoria compuls\u00f3ria dos ministros do Supremo Tribunal Federal (STF), do Tribunal de Contas da Uni\u00e3o (TCU) e de outras Cortes superiores. A idade atual \u00e9 de 75 anos, ap\u00f3s uma PEC aprovada em 2015, durante o governo da ex-presidente Dilma Rousseff. <\/p>\n\n\n\n<p> A PEC aprovada nesta ter\u00e7a teve o voto favor\u00e1vel de 35 deputados e 24 votos contr\u00e1rios. Agora o texto ser\u00e1 enviado para uma comiss\u00e3o especial, que ir\u00e1 discutir a proposta antes da vota\u00e7\u00e3o pelo plen\u00e1rio da C\u00e2mara. <\/p>\n\n\n\n<p>O texto aprovado revoga a chamada PEC da Bengala, que foi aprovada em 2015. Na ocasi\u00e3o, o Congresso elevou para 75 anos a idade de aposentadoria, o que impediu Dilma de indicar mais ministros para o STF.<\/p>\n\n\n\n<p>Caso o novo texto seja aprovado, o presidente Jair Bolsonaro poderia indicar mais dois ministros para o STF, j\u00e1 que Rosa Weber e Ricardo Lewandowski t\u00eam 73 anos de idade e estariam acima da idade limite.<\/p>\n\n\n\n<p>Outros ministros tamb\u00e9m seriam afetados, como Luiz Fux, que teria que se aposentar em 2023, C\u00e1rmen L\u00facia, que se aposentaria em 2024, e Gilmar Mendes, que deixaria a Corte em 2025.<\/p>\n\n\n\n<p>A proposta \u00e9 de autoria da deputada federal Bia Kicis (PSL-DF), que negou que a ideia seja uma \u201cmanobra\u201d para que Bolsonaro indique mais dois ministros.<\/p>\n\n\n\n<p>\u2013 Quero deixar muito claro que n\u00e3o tem nenhuma manobra para que o presidente Bolsonaro coloque mais dois ministros. [\u2026] H\u00e1 um pleito recorrente de apoio a essa PEC. \u00c9 dif\u00edcil ascender nessas carreiras. Hoje um juiz demora mais de 20 anos para ter uma promo\u00e7\u00e3o e, muitas vezes, n\u00e3o consegue. Pe\u00e7o que tirem o foco t\u00e3o somente dos ministros do STF \u2013 afirmou.<\/p>\n\n\n\n<p>O&nbsp;<a href=\"https:\/\/static.cdn.pleno.news\/2021\/11\/Tramitacao-PEC-159-2019.pdf\">texto<\/a>&nbsp;foi relatado pela deputada federal Chris Tonietto (PSL-RJ).<\/p>\n\n\n\n<p>Durante a vota\u00e7\u00e3o na CCJ, o PT, MDB, PSDB, PSB e PSOL orientaram os parlamentares a votar contra o texto.<\/p>\n","protected":false},"excerpt":{"rendered":"<p>Nesta ter\u00e7a-feira (23), a Comiss\u00e3o de Constitui\u00e7\u00e3o e Justi\u00e7a (CCJ) da C\u00e2mara dos Deputados aprovou uma Proposta de Emenda \u00e0 Constitui\u00e7\u00e3o (PEC) que define os 70 anos como a idade de aposentadoria compuls\u00f3ria dos ministros do Supremo Tribunal Federal (STF), do Tribunal de Contas da Uni\u00e3o (TCU) e de outras Cortes superiores. A idade atual [&hellip;]<\/p>\n","protected":false},"author":2,"featured_media":9878,"comment_status":"open","ping_status":"open","sticky":false,"template":"","format":"standard","meta":[],"categories":[4],"tags":[13,14],"_links":{"self":[{"href":"https:\/\/dgospel.com.br\/portal\/index.php\/wp-json\/wp\/v2\/posts\/9877"}],"collection":[{"href":"https:\/\/dgospel.com.br\/portal\/index.php\/wp-json\/wp\/v2\/posts"}],"about":[{"href":"https:\/\/dgospel.com.br\/portal\/index.php\/wp-json\/wp\/v2\/types\/post"}],"author":[{"embeddable":true,"href":"https:\/\/dgospel.com.br\/portal\/index.php\/wp-json\/wp\/v2\/users\/2"}],"replies":[{"embeddable":true,"href":"https:\/\/dgospel.com.br\/portal\/index.php\/wp-json\/wp\/v2\/comments?post=9877"}],"version-history":[{"count":1,"href":"https:\/\/dgospel.com.br\/portal\/index.php\/wp-json\/wp\/v2\/posts\/9877\/revisions"}],"predecessor-version":[{"id":9879,"href":"https:\/\/dgospel.com.br\/portal\/index.php\/wp-json\/wp\/v2\/posts\/9877\/revisions\/9879"}],"wp:featuredmedia":[{"embeddable":true,"href":"https:\/\/dgospel.com.br\/portal\/index.php\/wp-json\/wp\/v2\/media\/9878"}],"wp:attachment":[{"href":"https:\/\/dgospel.com.br\/portal\/index.php\/wp-json\/wp\/v2\/media?parent=9877"}],"wp:term":[{"taxonomy":"category","embeddable":true,"href":"https:\/\/dgospel.com.br\/portal\/index.php\/wp-json\/wp\/v2\/categories?post=9877"},{"taxonomy":"post_tag","embeddable":true,"href":"https:\/\/dgospel.com.br\/portal\/index.php\/wp-json\/wp\/v2\/tags?post=9877"}],"curies":[{"name":"wp","href":"https:\/\/api.w.org\/{rel}","templated":true}]}}