{"id":9883,"date":"2021-11-24T16:21:54","date_gmt":"2021-11-24T19:21:54","guid":{"rendered":"http:\/\/dgospel.com.br\/portal\/?p=9883"},"modified":"2021-11-24T16:21:55","modified_gmt":"2021-11-24T19:21:55","slug":"wanderlei-barbosa-garante-apoio-as-feiras-agropecuarias-presenciais-que-serao-realizadas-no-estado-em-2022","status":"publish","type":"post","link":"https:\/\/dgospel.com.br\/portal\/index.php\/2021\/11\/24\/wanderlei-barbosa-garante-apoio-as-feiras-agropecuarias-presenciais-que-serao-realizadas-no-estado-em-2022\/","title":{"rendered":"Wanderlei Barbosa garante apoio \u00e0s feiras agropecu\u00e1rias presenciais que ser\u00e3o realizadas no Estado em 2022"},"content":{"rendered":"\n<p>O governador em exerc\u00edcio do Estado do Tocantins, Wanderlei Barbosa, recebeu na manh\u00e3 desta ter\u00e7a-feira, 23, o presidente da Federa\u00e7\u00e3o da Agricultura e Pecu\u00e1ria do Estado do Tocantins (Faet), Paulo Carneiro; e o superintendente do Servi\u00e7o Nacional de Aprendizagem Rural (Senar) no Tocantins, Frederico Sodr\u00e9, para uma visita de cortesia e apresenta\u00e7\u00e3o das demandas da categoria.<\/p>\n\n\n\n<p>O presidente do Sistema Faet\/Senar, Paulo Carneiro, apresentou um of\u00edcio solicitando apoio do Governo do Tocantins para que as feiras agropecu\u00e1rias dos munic\u00edpios voltem a ocorrer no modo presencial. As feiras haviam sido suspensas por conta da pandemia da covid-19.<\/p>\n\n\n\n<p>\u201cAl\u00e9m da Agrotins, n\u00f3s temos outras 41 feiras agropecu\u00e1rias que s\u00e3o realizadas ao longo do ano no Tocantins e que s\u00e3o importantes, tanto para os pequenos quanto para os grandes produtores, em oportunidade de fazerem neg\u00f3cios e fortalecer ainda mais o setor\u201d, destacou o presidente Paulo Carneiro.<\/p>\n\n\n\n<p>O governador Wanderlei Barbosa se mostrou aberto \u00e0s demandas e ressaltou apoio para a realiza\u00e7\u00e3o das feiras. &#8220;O agroneg\u00f3cio \u00e9 a base da economia do nosso Estado e, com certeza, n\u00f3s iremos dar apoio para a realiza\u00e7\u00e3o dessas feiras que s\u00e3o t\u00e3o importantes para o desenvolvimento do agroneg\u00f3cio tocantinense&#8221;, frisou.<\/p>\n\n\n\n<figure class=\"wp-block-image\"><img src=\"https:\/\/central.to.gov.br\/image\/271120?w=565&amp;h=349\" alt=\"\"\/><\/figure>\n\n\n\n<p>Governador Wanderlei Barbosa recebe presidente do Sistema Faet\/ Senar, Paulo Carneiro &#8211; Aldemar Ribeiro\/Governo do Tocantins\n\n<\/p>\n","protected":false},"excerpt":{"rendered":"<p>O governador em exerc\u00edcio do Estado do Tocantins, Wanderlei Barbosa, recebeu na manh\u00e3 desta ter\u00e7a-feira, 23, o presidente da Federa\u00e7\u00e3o da Agricultura e Pecu\u00e1ria do Estado do Tocantins (Faet), Paulo Carneiro; e o superintendente do Servi\u00e7o Nacional de Aprendizagem Rural (Senar) no Tocantins, Frederico Sodr\u00e9, para uma visita de cortesia e apresenta\u00e7\u00e3o das demandas da [&hellip;]<\/p>\n","protected":false},"author":2,"featured_media":9884,"comment_status":"open","ping_status":"open","sticky":false,"template":"","format":"standard","meta":[],"categories":[3],"tags":[13],"_links":{"self":[{"href":"https:\/\/dgospel.com.br\/portal\/index.php\/wp-json\/wp\/v2\/posts\/9883"}],"collection":[{"href":"https:\/\/dgospel.com.br\/portal\/index.php\/wp-json\/wp\/v2\/posts"}],"about":[{"href":"https:\/\/dgospel.com.br\/portal\/index.php\/wp-json\/wp\/v2\/types\/post"}],"author":[{"embeddable":true,"href":"https:\/\/dgospel.com.br\/portal\/index.php\/wp-json\/wp\/v2\/users\/2"}],"replies":[{"embeddable":true,"href":"https:\/\/dgospel.com.br\/portal\/index.php\/wp-json\/wp\/v2\/comments?post=9883"}],"version-history":[{"count":1,"href":"https:\/\/dgospel.com.br\/portal\/index.php\/wp-json\/wp\/v2\/posts\/9883\/revisions"}],"predecessor-version":[{"id":9885,"href":"https:\/\/dgospel.com.br\/portal\/index.php\/wp-json\/wp\/v2\/posts\/9883\/revisions\/9885"}],"wp:featuredmedia":[{"embeddable":true,"href":"https:\/\/dgospel.com.br\/portal\/index.php\/wp-json\/wp\/v2\/media\/9884"}],"wp:attachment":[{"href":"https:\/\/dgospel.com.br\/portal\/index.php\/wp-json\/wp\/v2\/media?parent=9883"}],"wp:term":[{"taxonomy":"category","embeddable":true,"href":"https:\/\/dgospel.com.br\/portal\/index.php\/wp-json\/wp\/v2\/categories?post=9883"},{"taxonomy":"post_tag","embeddable":true,"href":"https:\/\/dgospel.com.br\/portal\/index.php\/wp-json\/wp\/v2\/tags?post=9883"}],"curies":[{"name":"wp","href":"https:\/\/api.w.org\/{rel}","templated":true}]}}