{"id":9886,"date":"2021-11-24T16:25:09","date_gmt":"2021-11-24T19:25:09","guid":{"rendered":"http:\/\/dgospel.com.br\/portal\/?p=9886"},"modified":"2021-11-24T16:25:10","modified_gmt":"2021-11-24T19:25:10","slug":"agencia-de-metrologia-da-dicas-para-consumidores-fazerem-compras-seguras-na-black-friday","status":"publish","type":"post","link":"https:\/\/dgospel.com.br\/portal\/index.php\/2021\/11\/24\/agencia-de-metrologia-da-dicas-para-consumidores-fazerem-compras-seguras-na-black-friday\/","title":{"rendered":"Ag\u00eancia de Metrologia d\u00e1 dicas para consumidores fazerem compras seguras na Black Friday"},"content":{"rendered":"\n<p>Chegou a semana mais esperada do ano e a pr\u00f3xima sexta-feira, dia 26, &#8211; a tradicional&nbsp;<em>Black Friday<\/em>&nbsp;&#8211; traz consigo a promessa de oferecer super descontos para aquecer o com\u00e9rcio e as vendas, como a oportunidade de consumidores adquirirem produtos com pre\u00e7os exclusivos.<\/p>\n\n\n\n<p>Com ofertas variadas, descontos especiais e produtos para os mais diversos bolsos, clientes aguardam a data para comprar eletr\u00f4nicos, eletroport\u00e1teis e eletrodom\u00e9sticos que t\u00eam grande procura neste per\u00edodo de promo\u00e7\u00e3o.<\/p>\n\n\n\n<p>Como \u00f3rg\u00e3o que atua nas rela\u00e7\u00f5es de consumo, a Ag\u00eancia de Metrologia, Avalia\u00e7\u00e3o da Conformidade, Inova\u00e7\u00e3o e Tecnologia do Estado do Tocantins (AEM-TO), \u00f3rg\u00e3o delegado do Instituto Nacional de Metrologia, Qualidade e Tecnologia (Inmetro), refor\u00e7a que \u00e9 importante comprar com economia, mas focar na compra segura.<\/p>\n\n\n\n<p>O presidente da AEM, R\u00e9rison Castro, destaca que \u201cal\u00e9m do pre\u00e7o promocional que a data promove, o consumidor deve estar sempre atento para comprar com seguran\u00e7a, priorizando a qualidade do produto ofertado\u201d, informa o gestor. Isso significa que a mercadoria deve estar em conformidade com a legisla\u00e7\u00e3o vigente.<\/p>\n\n\n\n<p><strong>Chapinha, fritadeira el\u00e9trica e aparelho de televis\u00e3o devem ter o Selo Inmetro<\/strong><\/p>\n\n\n\n<p>As mercadorias mais procuradas na&nbsp;<em>Black Friday<\/em>&nbsp;como as chapinhas, os barbeadores, os secadores de cabelo, as fritadeiras el\u00e9tricas, os liquidificadores, as panelas el\u00e9tricas, as batedeiras, os aparelhos de televis\u00e3o, os eletrodom\u00e9sticos, os aparelhos de ar-condicionado, entre outros, devem ostentar uma etiqueta do Inmetro.<\/p>\n\n\n\n<p>Consumidores e p\u00fablico em geral devem estar atentos ao Selo Inmetro no produto que pretende comprar. Isso significa que a mercadoria a ser adquirida est\u00e1 apta \u00e0 comercializa\u00e7\u00e3o, gerando maior seguran\u00e7a e conforto ao consumidor.&nbsp; A AEM atua visando \u00e0 concorr\u00eancia leal, \u00e0 prote\u00e7\u00e3o da vida humana, animal e vegetal, \u00e0 prote\u00e7\u00e3o ao meio ambiente e \u00e0 preven\u00e7\u00e3o de pr\u00e1ticas enganosas de com\u00e9rcio, a fim de garantir a qualidade dos produtos que est\u00e3o dispon\u00edveis para comercializa\u00e7\u00e3o. \u201cEnquanto \u00f3rg\u00e3o ligado ao Sistema de Defesa do Consumidor, temos trabalhado no sentido de orientar a sociedade e fomentar a constante busca para aprimorar a qualidade\u201d, aponta o presidente R\u00e9rison Castro.<\/p>\n\n\n\n<p><strong>O Selo Inmetro \u00e9 o aval de que o produto atende os requisitos de seguran\u00e7a<\/strong><\/p>\n\n\n\n<p>Todos os produtos fabricados devem contar com o Selo de Avalia\u00e7\u00e3o de Conformidade do Inmetro. Ele \u00e9 a principal evid\u00eancia de que a mercadoria passou pelo processo de certifica\u00e7\u00e3o e est\u00e1 em conformidade com os requisitos t\u00e9cnicos de seguran\u00e7a e desempenho estabelecidos na legisla\u00e7\u00e3o. Isso significa menor probabilidade de acidentes que possam colocar em risco a sa\u00fade e a seguran\u00e7a dos usu\u00e1rios.<\/p>\n\n\n\n<p>Assim, tudo o que o consumidor compra e que possui a certifica\u00e7\u00e3o, \u00e9 um produto que merece confian\u00e7a, podendo ser adquirido com a certeza de que segue os regulamentos e a legisla\u00e7\u00e3o e que oferecem seguran\u00e7a no seu uso, desde que, evidentemente, sejam utilizados dentro de suas aplica\u00e7\u00f5es e com os cuidados necess\u00e1rios.&nbsp;<\/p>\n\n\n\n<p><strong>Consumidor deve gastar tempo na leitura da embalagem<\/strong><\/p>\n\n\n\n<p>R\u00f3tulos, embalagens e etiquetas tamb\u00e9m s\u00e3o propagandas e n\u00e3o podem ser enganosos. Ao certificar um produto, o Inmetro se torna respons\u00e1vel por assegurar que tudo o que est\u00e1 sendo anunciado nas propagandas e nas embalagens da mercadoria pode ser visto como verdade. Isso quer dizer que a empresa fabricante se compromete com todas as informa\u00e7\u00f5es, desde a quantidade que comporta, a energia que utiliza, os riscos \u00e0 sa\u00fade, entre outros.<\/p>\n\n\n\n<p><strong>Nota fiscal assegura o rastreamento do fabricante do produto e a seguran\u00e7a para o consumidor<\/strong><\/p>\n\n\n\n<p>A todos os consumidores, a Ag\u00eancia de Metrologia orienta que busquem priorizar as compras de mercadorias em estabelecimentos comerciais atacadistas e varejistas formais e que forne\u00e7am a nota fiscal do produto.<\/p>\n\n\n\n<p>\u201cAl\u00e9m de contar com a certifica\u00e7\u00e3o Inmetro, \u00e9 importante que o consumidor procure pontos de venda legalmente estabelecidos e exija a nota fiscal. Caso haja alguma desconformidade, por meio da nota, \u00e9 poss\u00edvel o rastreamento dos dados do fabricante e do produto para as provid\u00eancias devidas\u201d, destaca o presidente da Ag\u00eancia de Metrologia.<\/p>\n\n\n\n<figure class=\"wp-block-image\"><img src=\"https:\/\/central.to.gov.br\/image\/271083?w=565&amp;h=349\" alt=\"\"\/><\/figure>\n\n\n\n<p>Muitos consumidores aproveitam o per\u00edodo para investir em novos eletrodom\u00e9sticos e devem observar se o produto atende a legisla\u00e7\u00e3o vigente &#8211; Fabr\u00edcio Mendon\u00e7a\/Governo do Tocantins<\/p>\n\n\n\n<figure class=\"wp-block-image\"><img src=\"https:\/\/central.to.gov.br\/image\/271086?w=565&amp;h=349\" alt=\"\"\/><\/figure>\n\n\n\n<p>Consumidor deve ter o h\u00e1bito de ler a embalagem e as etiquetas dos produtos &#8211; Fabr\u00edcio Mendon\u00e7a\/Governo do Tocantins<\/p>\n\n\n\n<figure class=\"wp-block-image\"><img src=\"https:\/\/central.to.gov.br\/image\/271087?w=565&amp;h=349\" alt=\"\"\/><\/figure>\n\n\n\n<p>Eletroport\u00e1teis, como as sanduicheiras, contribuem para facilitar a rotina dom\u00e9stica e devem ostentar o Selo Inmetro &#8211; Fabr\u00edcio Mendon\u00e7a\/Governo do Tocantins\n\n<\/p>\n","protected":false},"excerpt":{"rendered":"<p>Chegou a semana mais esperada do ano e a pr\u00f3xima sexta-feira, dia 26, &#8211; a tradicional&nbsp;Black Friday&nbsp;&#8211; traz consigo a promessa de oferecer super descontos para aquecer o com\u00e9rcio e as vendas, como a oportunidade de consumidores adquirirem produtos com pre\u00e7os exclusivos. Com ofertas variadas, descontos especiais e produtos para os mais diversos bolsos, clientes [&hellip;]<\/p>\n","protected":false},"author":2,"featured_media":9887,"comment_status":"open","ping_status":"open","sticky":false,"template":"","format":"standard","meta":[],"categories":[3],"tags":[],"_links":{"self":[{"href":"https:\/\/dgospel.com.br\/portal\/index.php\/wp-json\/wp\/v2\/posts\/9886"}],"collection":[{"href":"https:\/\/dgospel.com.br\/portal\/index.php\/wp-json\/wp\/v2\/posts"}],"about":[{"href":"https:\/\/dgospel.com.br\/portal\/index.php\/wp-json\/wp\/v2\/types\/post"}],"author":[{"embeddable":true,"href":"https:\/\/dgospel.com.br\/portal\/index.php\/wp-json\/wp\/v2\/users\/2"}],"replies":[{"embeddable":true,"href":"https:\/\/dgospel.com.br\/portal\/index.php\/wp-json\/wp\/v2\/comments?post=9886"}],"version-history":[{"count":1,"href":"https:\/\/dgospel.com.br\/portal\/index.php\/wp-json\/wp\/v2\/posts\/9886\/revisions"}],"predecessor-version":[{"id":9888,"href":"https:\/\/dgospel.com.br\/portal\/index.php\/wp-json\/wp\/v2\/posts\/9886\/revisions\/9888"}],"wp:featuredmedia":[{"embeddable":true,"href":"https:\/\/dgospel.com.br\/portal\/index.php\/wp-json\/wp\/v2\/media\/9887"}],"wp:attachment":[{"href":"https:\/\/dgospel.com.br\/portal\/index.php\/wp-json\/wp\/v2\/media?parent=9886"}],"wp:term":[{"taxonomy":"category","embeddable":true,"href":"https:\/\/dgospel.com.br\/portal\/index.php\/wp-json\/wp\/v2\/categories?post=9886"},{"taxonomy":"post_tag","embeddable":true,"href":"https:\/\/dgospel.com.br\/portal\/index.php\/wp-json\/wp\/v2\/tags?post=9886"}],"curies":[{"name":"wp","href":"https:\/\/api.w.org\/{rel}","templated":true}]}}