{"id":9889,"date":"2021-11-24T16:32:08","date_gmt":"2021-11-24T19:32:08","guid":{"rendered":"http:\/\/dgospel.com.br\/portal\/?p=9889"},"modified":"2021-11-26T15:35:56","modified_gmt":"2021-11-26T18:35:56","slug":"alcolumbre-cede-e-sabatina-de-andre-mendonca-e-confirmada","status":"publish","type":"post","link":"https:\/\/dgospel.com.br\/portal\/index.php\/2021\/11\/24\/alcolumbre-cede-e-sabatina-de-andre-mendonca-e-confirmada\/","title":{"rendered":"Rubens Uch\u00f4a celebra dia do m\u00fasico com grande homenagem aos profissionais"},"content":{"rendered":"\n<p>A data foi marcada por um evento\npromovido pela vice-presid\u00eancia da casa de leis, no intuito de honrar todos os\nm\u00fasicos, compositores e artistas.&nbsp;<\/p>\n\n\n\n<p>Estiveram presentes, as\nautoridades como a presidente da C\u00e2mara, a vereadora Professora Janad Valcari,\nMara Rita Ribeiro Rhoden (vice-presidente do Conselho Municipal de Pol\u00edticas\nCulturais), M\u00e1rcio Neres (secret\u00e1rio de turismo de Palmas), os vereadores Eudes\nDias e Marcio Reis, Poliana Rocha (presidente do Instituto internacional de\nensino pesquisa e desenvolvimento) Fl\u00e1vio Dias (presidente da nova central\nsindical de trabalhadores), Bruno Barreto Amorim Campos (presidente do\nSindicato dos M\u00fasicos no Tocantins) Jeremias Moreira (presidente da Ordem dos\nM\u00fasicos do Brasil -TO), Eduardo Andrade Duarte Souza (Conselho Estadual de\nCultura do Tocantins), Hananias Vieira da Silva (presidente do Conselho\nMunicipal de Pol\u00edticas Culturais) e muitos m\u00fasicos convidados para participar\ndo evento.&nbsp;<\/p>\n\n\n\n<p>A abertura foi feita por\nMara Rhoden com o hino nacional, e demais homenagens. Tiveram a entrega de\ndiploma de honra ao m\u00e9rito, apresenta\u00e7\u00f5es musicais, momentos de reflex\u00e3o e fala\ndas autoridades.&nbsp;<\/p>\n\n\n\n<p>Rubens Uch\u00f4a recebeu uma\nhomenagem em nome de todos os m\u00fasicos e recebeu tamb\u00e9m a sua carteira da Ordem\ndos M\u00fasicos do Brasil.&nbsp;<\/p>\n\n\n\n<p>\u201cA pior fase j\u00e1 passamos,\ncontinuaremos lutando por essa nobre profiss\u00e3o, pois ela \u00e9 uma arte. Cantar \u00e9\ntrazer sentido e dar sentido a vidas e hist\u00f3rias. Seguirei cantando e louvando\nao nosso Deus e obrigado pela participa\u00e7\u00e3o\u201d concluiu Rubens Uch\u00f4a.<\/p>\n","protected":false},"excerpt":{"rendered":"<p>A data foi marcada por um evento promovido pela vice-presid\u00eancia da casa de leis, no intuito de honrar todos os m\u00fasicos, compositores e artistas.&nbsp; Estiveram presentes, as autoridades como a presidente da C\u00e2mara, a vereadora Professora Janad Valcari, Mara Rita Ribeiro Rhoden (vice-presidente do Conselho Municipal de Pol\u00edticas Culturais), M\u00e1rcio Neres (secret\u00e1rio de turismo de [&hellip;]<\/p>\n","protected":false},"author":2,"featured_media":9925,"comment_status":"open","ping_status":"open","sticky":false,"template":"","format":"standard","meta":[],"categories":[8,4],"tags":[],"_links":{"self":[{"href":"https:\/\/dgospel.com.br\/portal\/index.php\/wp-json\/wp\/v2\/posts\/9889"}],"collection":[{"href":"https:\/\/dgospel.com.br\/portal\/index.php\/wp-json\/wp\/v2\/posts"}],"about":[{"href":"https:\/\/dgospel.com.br\/portal\/index.php\/wp-json\/wp\/v2\/types\/post"}],"author":[{"embeddable":true,"href":"https:\/\/dgospel.com.br\/portal\/index.php\/wp-json\/wp\/v2\/users\/2"}],"replies":[{"embeddable":true,"href":"https:\/\/dgospel.com.br\/portal\/index.php\/wp-json\/wp\/v2\/comments?post=9889"}],"version-history":[{"count":2,"href":"https:\/\/dgospel.com.br\/portal\/index.php\/wp-json\/wp\/v2\/posts\/9889\/revisions"}],"predecessor-version":[{"id":9926,"href":"https:\/\/dgospel.com.br\/portal\/index.php\/wp-json\/wp\/v2\/posts\/9889\/revisions\/9926"}],"wp:featuredmedia":[{"embeddable":true,"href":"https:\/\/dgospel.com.br\/portal\/index.php\/wp-json\/wp\/v2\/media\/9925"}],"wp:attachment":[{"href":"https:\/\/dgospel.com.br\/portal\/index.php\/wp-json\/wp\/v2\/media?parent=9889"}],"wp:term":[{"taxonomy":"category","embeddable":true,"href":"https:\/\/dgospel.com.br\/portal\/index.php\/wp-json\/wp\/v2\/categories?post=9889"},{"taxonomy":"post_tag","embeddable":true,"href":"https:\/\/dgospel.com.br\/portal\/index.php\/wp-json\/wp\/v2\/tags?post=9889"}],"curies":[{"name":"wp","href":"https:\/\/api.w.org\/{rel}","templated":true}]}}