{"id":9895,"date":"2021-11-24T17:02:11","date_gmt":"2021-11-24T20:02:11","guid":{"rendered":"http:\/\/dgospel.com.br\/portal\/?p=9895"},"modified":"2021-11-24T17:02:12","modified_gmt":"2021-11-24T20:02:12","slug":"500-ex-rebeldes-sao-batizados-nas-filipinas-apos-ouvirem-pregacoes-no-radio","status":"publish","type":"post","link":"https:\/\/dgospel.com.br\/portal\/index.php\/2021\/11\/24\/500-ex-rebeldes-sao-batizados-nas-filipinas-apos-ouvirem-pregacoes-no-radio\/","title":{"rendered":"500 ex-rebeldes s\u00e3o batizados nas Filipinas ap\u00f3s ouvirem prega\u00e7\u00f5es no r\u00e1dio"},"content":{"rendered":"<p><br>\n<br>\n<!--StartFragment--><\/p>\n\n\n<p>H\u00e1 uma rebeli\u00e3o comunista em andamento nas&nbsp;<a href=\"https:\/\/www.guiame.com.br\/gospel\/mundo-cristao\/movimento-de-oracao-quer-diminuir-suicidios-de-jovens-nas-filipinas.html\"><strong>Filipinas<\/strong><\/a>, marcada pelo conflito entre o governo e guerrilheiros do Novo Ex\u00e9rcito Popular \u2014 o bra\u00e7o armado do Partido Comunista Marxista-Leninista-Maoista do pa\u00eds.<\/p>\n\n\n\n<p>Esta \u00e9 a&nbsp;<a href=\"https:\/\/www.guiame.com.br\/gospel\/missoes-acao-social\/ex-guerrilheiro-das-farc-e-impactado-por-deus-apos-ser-impedido-de-matar-pastor.html\"><strong>insurg\u00eancia comunista<\/strong><\/a>&nbsp;mais longa do mundo e registrou, entre 1969 e 2008, mais de 43.000 mortes relacionadas a ela.<\/p>\n\n\n<p><!--EndFragment--><br>\n<br>\n<\/p>\n\n\n<figure class=\"wp-block-image\"><img src=\"https:\/\/thumbor.guiame.com.br\/unsafe\/840x500\/http:\/\/media.guiame.com.br\/archives\/2021\/11\/24\/110977588-batismo-nas-filipinas.jpeg\" alt=\"O ex-l\u00edder rebelde Ka Martin e sua esposa, com os rostos pixelados por raz\u00f5es de seguran\u00e7a, foram batizados nas Filipinas. (Foto: R\u00e1dio Mundial Adventista)\"\/><figcaption>O ex-l\u00edder rebelde Ka Martin e sua esposa, com os rostos pixelados por raz\u00f5es de seguran\u00e7a, foram batizados nas Filipinas. (Foto: R\u00e1dio Mundial Adventista)<\/figcaption><\/figure>\n\n\n\n<p>Um cap\u00edtulo manchado de sangue chegou ao fim no s\u00e1bado, 13 de novembro, quando muitos ex-rebeldes, incluindo seu l\u00edder, deixaram de lado suas armas e desceram \u00e0s \u00e1guas do batismo.&nbsp;<\/p>\n\n\n\n<p>Ao todo, al\u00e9m dos 500 ex-rebeldes, mais de 2.000 pessoas foram batizadas no final das reuni\u00f5es evangel\u00edsticas nas Filipinas.<\/p>\n\n\n\n<p>Em 2019, muitos rebeldes passaram a ouvir a programa\u00e7\u00e3o da R\u00e1dio Mundial Adventista. Como resultado, em meio \u00e0 pandemia de Covid-19, muitos deles se entregaram a Jesus, relatou o presidente da r\u00e1dio, Duane McKey.<\/p>\n\n\n\n<p>O l\u00edder dos rebeldes, Ka Martin (nome fict\u00edcio por raz\u00f5es de seguran\u00e7a), de cerca de 40 anos, n\u00e3o conseguia entender o que estava acontecendo com seus companheiros e tamb\u00e9m come\u00e7ou a ouvir a r\u00e1dio.<\/p>\n\n\n\n<p>\u201cEle estava se escondendo na selva, observando e tentando descobrir por que seus lutadores estavam deixando ele\u201d, disse McKey em entrevista. \u201cEnt\u00e3o ele come\u00e7ou a ouvir a r\u00e1dio.\u201d<\/p>\n\n\n\n<p>Como resultado, sua vida tamb\u00e9m foi transformada. Em 13 de novembro, cerca de 500 ex-rebeldes foram batizados, incluindo Martin e sua esposa, e cerca de 200 outras pessoas.&nbsp;<\/p>\n\n\n\n<p><strong>Impacto atrav\u00e9s da r\u00e1dio<\/strong><\/p>\n\n\n\n<p>A R\u00e1dio Mundial Adventista foi iniciada em 2017 em Mindoro, a s\u00e9tima maior ilha das Filipinas, a fim de compartilhar prega\u00e7\u00f5es e estudos b\u00edblicos antes de uma campanha evangel\u00edstica. Todos os dias, ouvintes podiam ligar para responder \u00e0 \u201cpergunta do dia\u201d, ganhando literatura crist\u00e3 como pr\u00eamio.&nbsp;<\/p>\n\n\n\n<p>Cerca de 1.400 pessoas foram batizadas ap\u00f3s a campanha evangel\u00edstica de junho de 2017, e a r\u00e1dio continua sendo transmitida at\u00e9 hoje.<\/p>\n\n\n\n<p>A R\u00e1dio Mundial Adventista est\u00e1 trabalhando com o governo filipino e a ONG Farm Stew, para ajudar os ex-rebeldes a ter sustento atrav\u00e9s da agricultura. O governo deu lotes de terras aos ex-rebeldes, e Farm Stew os ensinar\u00e1 sobre o cultivo.<\/p>\n\n\n\n<figure class=\"wp-block-image\"><img src=\"https:\/\/thumbor.guiame.com.br\/unsafe\/smart\/https:\/\/media.guiame.com.br\/archives\/2021\/11\/24\/4002576187-.jpg\" alt=\"\"\/><\/figure>\n\n\n\n<p><br><sup>Al\u00e9m dos ex-rebeldes, mais de 2.000 pessoas foram batizadas. (Foto: R\u00e1dio Mundial Adventista)<\/sup><\/p>\n\n\n\n<p>Pregando para uma multid\u00e3o ao ar livre de 2.500 pessoas antes do batismo em massa, o presidente da Associa\u00e7\u00e3o Geral, Ted NC Wilson, enfatizou que todos foram rebeldes em algum momento de suas vidas.&nbsp;<\/p>\n\n\n\n<p>\u201cTodos n\u00f3s fomos rebeldes ao mesmo tempo, por n\u00e3o abra\u00e7ar a Deus t\u00e3o de perto como dever\u00edamos\u201d, disse ele.&nbsp;<\/p>\n\n\n\n<p>Wilson ent\u00e3o se dirigiu diretamente a centenas de ex-rebeldes e suas fam\u00edlias: \u201cHoje, pela gra\u00e7a de Deus, voc\u00eas n\u00e3o s\u00e3o mais ex-rebeldes\u201d, disse ele. \u201cAgora voc\u00eas s\u00e3o novas criaturas em Jesus Cristo. Voc\u00eas fazem parte da grande fam\u00edlia de Deus que espera a breve volta de Jesus!\u201d<\/p>\n\n\n\n<p><strong>Ex-rebeldes agradecem a Deus<\/strong><\/p>\n\n\n\n<p>Na noite de 14 de novembro, os ex-rebeldes organizaram um programa especial de agradecimento, transmitido pela r\u00e1dio. No programa, os ex-rebeldes cantaram, oraram e compartilharam testemunhos sobre como se apaixonaram por Jesus.<\/p>\n\n\n\n<p>\u201cFoi realmente uma experi\u00eancia incr\u00edvel\u201d, disse Kathy Proffitt, ex-embaixadora dos Estados Unidos em Malta e membro do conselho da R\u00e1dio Mundial Adventista. \u201cEles foram incrivelmente sinceros. As coisas que eles disseram vinham de cora\u00e7\u00e3o. Se algu\u00e9m duvidou que as convers\u00f5es eram reais, bastou ouvir esses testemunhos \u201d.<\/p>\n\n\n\n<p>As Filipinas concederam anistia aos ex-rebeldes. Um l\u00edder militar s\u00eanior do pa\u00eds expressou sua gratid\u00e3o \u00e0 Igreja Adventista por seu papel em trazer os rebeldes \u00e0 paz.&nbsp;<\/p>\n\n\n\n<p>\u201cObrigado \u00e0 Igreja Adventista do S\u00e9timo Dia\u201d, disse o general Jose Augusto Villareal, comandante da 203\u00aa Brigada de Infantaria, que tem jurisdi\u00e7\u00e3o operacional sobre a Ilha de Mindoro.<\/p>\n","protected":false},"excerpt":{"rendered":"<p>H\u00e1 uma rebeli\u00e3o comunista em andamento nas&nbsp;Filipinas, marcada pelo conflito entre o governo e guerrilheiros do Novo Ex\u00e9rcito Popular \u2014 o bra\u00e7o armado do Partido Comunista Marxista-Leninista-Maoista do pa\u00eds. Esta \u00e9 a&nbsp;insurg\u00eancia comunista&nbsp;mais longa do mundo e registrou, entre 1969 e 2008, mais de 43.000 mortes relacionadas a ela. Um cap\u00edtulo manchado de sangue chegou [&hellip;]<\/p>\n","protected":false},"author":2,"featured_media":9896,"comment_status":"open","ping_status":"open","sticky":false,"template":"","format":"standard","meta":[],"categories":[5,1],"tags":[],"_links":{"self":[{"href":"https:\/\/dgospel.com.br\/portal\/index.php\/wp-json\/wp\/v2\/posts\/9895"}],"collection":[{"href":"https:\/\/dgospel.com.br\/portal\/index.php\/wp-json\/wp\/v2\/posts"}],"about":[{"href":"https:\/\/dgospel.com.br\/portal\/index.php\/wp-json\/wp\/v2\/types\/post"}],"author":[{"embeddable":true,"href":"https:\/\/dgospel.com.br\/portal\/index.php\/wp-json\/wp\/v2\/users\/2"}],"replies":[{"embeddable":true,"href":"https:\/\/dgospel.com.br\/portal\/index.php\/wp-json\/wp\/v2\/comments?post=9895"}],"version-history":[{"count":1,"href":"https:\/\/dgospel.com.br\/portal\/index.php\/wp-json\/wp\/v2\/posts\/9895\/revisions"}],"predecessor-version":[{"id":9897,"href":"https:\/\/dgospel.com.br\/portal\/index.php\/wp-json\/wp\/v2\/posts\/9895\/revisions\/9897"}],"wp:featuredmedia":[{"embeddable":true,"href":"https:\/\/dgospel.com.br\/portal\/index.php\/wp-json\/wp\/v2\/media\/9896"}],"wp:attachment":[{"href":"https:\/\/dgospel.com.br\/portal\/index.php\/wp-json\/wp\/v2\/media?parent=9895"}],"wp:term":[{"taxonomy":"category","embeddable":true,"href":"https:\/\/dgospel.com.br\/portal\/index.php\/wp-json\/wp\/v2\/categories?post=9895"},{"taxonomy":"post_tag","embeddable":true,"href":"https:\/\/dgospel.com.br\/portal\/index.php\/wp-json\/wp\/v2\/tags?post=9895"}],"curies":[{"name":"wp","href":"https:\/\/api.w.org\/{rel}","templated":true}]}}