{"id":9898,"date":"2021-11-24T17:06:52","date_gmt":"2021-11-24T20:06:52","guid":{"rendered":"http:\/\/dgospel.com.br\/portal\/?p=9898"},"modified":"2021-11-24T17:06:54","modified_gmt":"2021-11-24T20:06:54","slug":"valesca-mayssa-canta-com-bruna-karla-em-forma-de-cuidado","status":"publish","type":"post","link":"https:\/\/dgospel.com.br\/portal\/index.php\/2021\/11\/24\/valesca-mayssa-canta-com-bruna-karla-em-forma-de-cuidado\/","title":{"rendered":"Valesca Mayssa canta com Bruna Karla em \u201cForma de Cuidado\u201d"},"content":{"rendered":"\n<p>A cantora Valesca Mayssa lan\u00e7a, pela gravadora Todah Music, o single, intitulado \u201cForma de Cuidado\u201d, com a participa\u00e7\u00e3o mais que especial da cantora Bruna Karla. A can\u00e7\u00e3o j\u00e1 est\u00e1 dispon\u00edvel nas plataformas digitais e no canal YouTube da Todah Music.<\/p>\n\n\n\n<p>A can\u00e7\u00e3o foi gravada no espa\u00e7o Monte Castelo Eventos, no Castelo Avalon, em Mau\u00e1, S\u00e3o Paulo (SP).&nbsp;<\/p>\n\n\n\n<p>O compositor da can\u00e7\u00e3o \u00e9 Paulo S\u00e9rgio, e a mensagem central \u00e9 sobre o cuidado e zelo de Deus com Seus filhos. Valesca explica que a letra \u00e9 uma bela reflex\u00e3o sobre \u201crender-se \u00e0 soberana vontade de Deus, porque \u2018perfeita \u00e9 a vontade de Deus, boa e agrad\u00e1vel para os seus\u2019\u201d.&nbsp;<\/p>\n\n\n\n<p>A participa\u00e7\u00e3o de Bruna Karla foi \u201cum presente de Deus\u201d para Valesca, que cresceu ouvindo as can\u00e7\u00f5es de Bruna. A ideia de cantarem juntas j\u00e1 existia antes mesmo de ter uma can\u00e7\u00e3o espec\u00edfica para isso, mas ao ouvir \u201cForma de Cuidado\u201d, Valesca pensou, \u201cesta can\u00e7\u00e3o \u00e9 do jeitinho da Bruna, tem que ser ela.&nbsp; Achei interessante gravar algo que n\u00e3o fugisse tanto do que ela costuma gravar\u201d.<\/p>\n\n\n\n<p><em>Assista:<\/em><\/p>\n\n\n\n<figure class=\"wp-block-embed-youtube wp-block-embed is-type-video is-provider-youtube wp-embed-aspect-16-9 wp-has-aspect-ratio\"><div class=\"wp-block-embed__wrapper\">\n<iframe loading=\"lazy\" title=\"Valesca Mayssa e Bruna Karla | Forma de Cuidado [Clipe Oficial] De Janeiro a Dezembro\" width=\"630\" height=\"354\" src=\"https:\/\/www.youtube.com\/embed\/bWsaxI31TE8?start=1&#038;feature=oembed\" frameborder=\"0\" allow=\"accelerometer; autoplay; clipboard-write; encrypted-media; gyroscope; picture-in-picture\" allowfullscreen><\/iframe>\n<\/div><\/figure>\n","protected":false},"excerpt":{"rendered":"<p>A cantora Valesca Mayssa lan\u00e7a, pela gravadora Todah Music, o single, intitulado \u201cForma de Cuidado\u201d, com a participa\u00e7\u00e3o mais que especial da cantora Bruna Karla. A can\u00e7\u00e3o j\u00e1 est\u00e1 dispon\u00edvel nas plataformas digitais e no canal YouTube da Todah Music. A can\u00e7\u00e3o foi gravada no espa\u00e7o Monte Castelo Eventos, no Castelo Avalon, em Mau\u00e1, S\u00e3o [&hellip;]<\/p>\n","protected":false},"author":2,"featured_media":9899,"comment_status":"open","ping_status":"open","sticky":false,"template":"","format":"standard","meta":[],"categories":[17],"tags":[],"_links":{"self":[{"href":"https:\/\/dgospel.com.br\/portal\/index.php\/wp-json\/wp\/v2\/posts\/9898"}],"collection":[{"href":"https:\/\/dgospel.com.br\/portal\/index.php\/wp-json\/wp\/v2\/posts"}],"about":[{"href":"https:\/\/dgospel.com.br\/portal\/index.php\/wp-json\/wp\/v2\/types\/post"}],"author":[{"embeddable":true,"href":"https:\/\/dgospel.com.br\/portal\/index.php\/wp-json\/wp\/v2\/users\/2"}],"replies":[{"embeddable":true,"href":"https:\/\/dgospel.com.br\/portal\/index.php\/wp-json\/wp\/v2\/comments?post=9898"}],"version-history":[{"count":1,"href":"https:\/\/dgospel.com.br\/portal\/index.php\/wp-json\/wp\/v2\/posts\/9898\/revisions"}],"predecessor-version":[{"id":9900,"href":"https:\/\/dgospel.com.br\/portal\/index.php\/wp-json\/wp\/v2\/posts\/9898\/revisions\/9900"}],"wp:featuredmedia":[{"embeddable":true,"href":"https:\/\/dgospel.com.br\/portal\/index.php\/wp-json\/wp\/v2\/media\/9899"}],"wp:attachment":[{"href":"https:\/\/dgospel.com.br\/portal\/index.php\/wp-json\/wp\/v2\/media?parent=9898"}],"wp:term":[{"taxonomy":"category","embeddable":true,"href":"https:\/\/dgospel.com.br\/portal\/index.php\/wp-json\/wp\/v2\/categories?post=9898"},{"taxonomy":"post_tag","embeddable":true,"href":"https:\/\/dgospel.com.br\/portal\/index.php\/wp-json\/wp\/v2\/tags?post=9898"}],"curies":[{"name":"wp","href":"https:\/\/api.w.org\/{rel}","templated":true}]}}