{"id":99,"date":"2018-05-11T09:29:24","date_gmt":"2018-05-11T12:29:24","guid":{"rendered":"http:\/\/dgospel.com.br\/portal\/?p=99"},"modified":"2018-05-11T09:29:24","modified_gmt":"2018-05-11T12:29:24","slug":"correios-sem-privatizacao-mas-com-demissoes","status":"publish","type":"post","link":"https:\/\/dgospel.com.br\/portal\/index.php\/2018\/05\/11\/correios-sem-privatizacao-mas-com-demissoes\/","title":{"rendered":"Correios: sem privatiza\u00e7\u00e3o, mas com demiss\u00f5es"},"content":{"rendered":"<p>O lucro de R$ 667 milh\u00f5es no ano passado, ante d\u00e9ficit de R$ 1,48 bilh\u00e3o no ano anterior, parece ter afastado o fantasma da privatiza\u00e7\u00e3o dos Correios, mas n\u00e3o o das demiss\u00f5es volunt\u00e1rias de funcion\u00e1rios e do fechamento de ag\u00eancias. Nesta quarta-feira, ao ser questionado em audi\u00eancia na C\u00e2mara dos Deputados, o ministro da Ci\u00eancia, Tecnologia e Comunica\u00e7\u00f5es, Gilberto Kassab, descartou a venda da companhia. &#8220;Esse balan\u00e7o (com lucro) e o apoio dessa Casa nos permitiram tirar da pauta essa quest\u00e3o (privatiza\u00e7\u00e3o). N\u00e3o se fala mais nisso&#8221;, afirmou Kassab.<\/p>\n<p>Entretanto, o Plano de Desligamento Volunt\u00e1rio (PDV), em andamento desde o ano passado, n\u00e3o est\u00e1 descartado. Ou seja, apesar de sair do vermelho, a empresa estatal continuar\u00e1 o que o ministro chamou de &#8220;esfor\u00e7o de gest\u00e3o&#8221;. Agora, afirmou Kassab, o empenho passa a ser melhorar a efici\u00eancia da empresa.<\/p>\n<p>Questionado pelo DIA se a proposta de desligamento de empregados estaria mantida mesmo com o lucro, os Correios informaram que &#8220;mesmo com o resultado positivo do balan\u00e7o de 2017, os estudos que fazem parte do projeto de remodelagem de canais de atendimento dos Correios continuam&#8221;. &#8220;Nesses estudos, ainda em curso, est\u00e3o inclu\u00eddos as unidades que poder\u00e3o ter suas atividades encerradas e o n\u00famero de empregados que possam ser desligados&#8221;, informou por meio de nota.<\/p>\n<p>Na audi\u00eancia, o ministro fez uma breve mem\u00f3ria do debate sobre o futuro dos Correios e lembrou que a proposta de privatiza\u00e7\u00e3o era leg\u00edtima diante de preju\u00edzos que chegaram a superar R$2,5 bilh\u00f5es (balan\u00e7o de 2015).<\/p>\n<p>&#8220;Se tiv\u00e9ssemos entregando um balan\u00e7o negativo, n\u00e3o h\u00e1 candidato a presidente que n\u00e3o assumiria o compromisso de privatizar ou pelo menos estudar a privatiza\u00e7\u00e3o&#8221;, avaliou. &#8220;Isso \u00e9 uma demonstra\u00e7\u00e3o que efetivamente \u00e9 poss\u00edvel ter boa gest\u00e3o no setor p\u00fablico&#8221;, disse Kassab, que voltou a comemorar o resultado de mais de R$ 600 milh\u00f5es.<\/p>\n<p><strong>Bala\u00e7o ser\u00e1 votado nesta quinta<\/strong><\/p>\n<p>Nesta quinta, o balan\u00e7o, que j\u00e1 passou no Conselho Fiscal, ser\u00e1 avaliado pelo Conselho de Administra\u00e7\u00e3o da empresa. E ser\u00e1 contestado pelo representante dos funcion\u00e1rios no colegiado. Marcos C\u00e9sar Silva, promete votar contra a aprova\u00e7\u00e3o das contas de 2017.<\/p>\n<p>&#8220;O resultado positivo que estar\u00e1 estampado no balan\u00e7o decorre basicamente da &#8216;desprovisionamento&#8217; de verba relacionada ao p\u00f3s-emprego dos trabalhadores&#8221;, disse. Segundo ele, o montante retirado da provis\u00e3o (R$ 3 bilh\u00f5es) reverteu artificialmente o d\u00e9ficit, que chegava a R$ 2 bilh\u00f5es at\u00e9 novembro do ano passado.<\/p>\n<p>Para Silva, o resultado \u00e9 &#8220;forjado&#8221; e decorre da perda de direitos dos empregados. Silva se refere \u00e0 decis\u00e3o do Tribunal Superior do Trabalho (TST), que instituiu mudan\u00e7as na Postal Sa\u00fade, criada em 2014 para gerir diretamente o conv\u00eanio m\u00e9dico de funcion\u00e1rios e dependentes.<\/p>\n<p><strong>Fonte: O Dia \/ com informa\u00e7\u00f5es Ag\u00eancia Brasil<\/strong><\/p>\n","protected":false},"excerpt":{"rendered":"<p>O lucro de R$ 667 milh\u00f5es no ano passado, ante d\u00e9ficit de R$ 1,48 bilh\u00e3o no ano anterior, parece ter afastado o fantasma da privatiza\u00e7\u00e3o dos Correios, mas n\u00e3o o das demiss\u00f5es volunt\u00e1rias de funcion\u00e1rios e do fechamento de ag\u00eancias. Nesta quarta-feira, ao ser questionado em audi\u00eancia na C\u00e2mara dos Deputados, o ministro da Ci\u00eancia, [&hellip;]<\/p>\n","protected":false},"author":2,"featured_media":100,"comment_status":"open","ping_status":"open","sticky":false,"template":"","format":"standard","meta":[],"categories":[6],"tags":[],"_links":{"self":[{"href":"https:\/\/dgospel.com.br\/portal\/index.php\/wp-json\/wp\/v2\/posts\/99"}],"collection":[{"href":"https:\/\/dgospel.com.br\/portal\/index.php\/wp-json\/wp\/v2\/posts"}],"about":[{"href":"https:\/\/dgospel.com.br\/portal\/index.php\/wp-json\/wp\/v2\/types\/post"}],"author":[{"embeddable":true,"href":"https:\/\/dgospel.com.br\/portal\/index.php\/wp-json\/wp\/v2\/users\/2"}],"replies":[{"embeddable":true,"href":"https:\/\/dgospel.com.br\/portal\/index.php\/wp-json\/wp\/v2\/comments?post=99"}],"version-history":[{"count":1,"href":"https:\/\/dgospel.com.br\/portal\/index.php\/wp-json\/wp\/v2\/posts\/99\/revisions"}],"predecessor-version":[{"id":101,"href":"https:\/\/dgospel.com.br\/portal\/index.php\/wp-json\/wp\/v2\/posts\/99\/revisions\/101"}],"wp:featuredmedia":[{"embeddable":true,"href":"https:\/\/dgospel.com.br\/portal\/index.php\/wp-json\/wp\/v2\/media\/100"}],"wp:attachment":[{"href":"https:\/\/dgospel.com.br\/portal\/index.php\/wp-json\/wp\/v2\/media?parent=99"}],"wp:term":[{"taxonomy":"category","embeddable":true,"href":"https:\/\/dgospel.com.br\/portal\/index.php\/wp-json\/wp\/v2\/categories?post=99"},{"taxonomy":"post_tag","embeddable":true,"href":"https:\/\/dgospel.com.br\/portal\/index.php\/wp-json\/wp\/v2\/tags?post=99"}],"curies":[{"name":"wp","href":"https:\/\/api.w.org\/{rel}","templated":true}]}}