{"id":9901,"date":"2021-11-24T17:14:31","date_gmt":"2021-11-24T20:14:31","guid":{"rendered":"http:\/\/dgospel.com.br\/portal\/?p=9901"},"modified":"2021-11-24T17:14:31","modified_gmt":"2021-11-24T20:14:31","slug":"assembleia-de-deus-em-santarem-sedia-conferencia-de-missoes-2021","status":"publish","type":"post","link":"https:\/\/dgospel.com.br\/portal\/index.php\/2021\/11\/24\/assembleia-de-deus-em-santarem-sedia-conferencia-de-missoes-2021\/","title":{"rendered":"Assembleia de Deus em Santar\u00e9m sedia Confer\u00eancia de Miss\u00f5es 2021"},"content":{"rendered":"\n<p>Sob a supervis\u00e3o do pastor Washington Gomes, presidente da Assembleia de Deus na cidade de Santar\u00e9m, oeste do Par\u00e1, aconteceu no per\u00edodo de 18 \u00e0 20 de novembro, no Templo Central, a<em>&nbsp;Confer\u00eancia de Miss\u00f5es 2021<\/em>&nbsp;do CEMADES, com o tema: Discipulando At\u00e9 Jesus Voltar.<\/p>\n\n\n\n<p>A<em>&nbsp;Secretaria Nacional de Miss\u00f5es (SENAMI),<\/em>&nbsp;da&nbsp;<em>Conven\u00e7\u00e3o Geral das Assembleias de Deus no Brasil (CGADB)<\/em>, esteve representada, pelo seu secret\u00e1rio executivo pastor Saulo Greg\u00f3rio, juntamente com os preletores da confer\u00eancia, pastor Paulo Locatelli (RS) e o pastor Jair Felisbino (SP).<\/p>\n\n\n\n<p>Os preletores al\u00e9m da ministra\u00e7\u00e3o da Palavra de Deus, puderam ministrar sobre os diversos Projetos Mission\u00e1rios em andamento ao redor do mundo, compartilhando experiencias e prestando conta das Atividades desenvolvidas pela&nbsp;<em>Secretaria Nacional de Miss\u00f5es.<\/em><\/p>\n\n\n\n<p>&#8220;Queremos agradecer ao pastor Washington Gomes pela vis\u00e3o de Discipulado que a Igreja em Santar\u00e9m est\u00e1 vivendo e ao pastor Ciro Junio pelo apoio e coopera\u00e7\u00e3o aos Projetos Mission\u00e1rios do SENAMI e pelas parcerias estabelecidas em prol da Obra Mission\u00e1ria nesta regi\u00e3o amaz\u00f4nica\u201d, disse o Secret\u00e1rio Executivo do Senami.&nbsp;<\/p>\n\n\n\n<p>Ao final da Confer\u00eancia de Miss\u00f5es, o pastor Ciro J\u00fanio anunciou que a Assembleia de Deus em Santar\u00e9m adotar\u00e1 uma fam\u00edlia de mission\u00e1rio em CUBA e apresentou duas novas fam\u00edlias para o Campo Mission\u00e1rio nas regi\u00f5es do Arapiuns\/Tapaj\u00f3s, que aplicar\u00e3o o Discipulado no dia a dia do campo mission\u00e1rio.<\/p>\n\n\n\n<figure class=\"wp-block-image\"><img src=\"http:\/\/arquivos.editoracpad.com.br\/uploads\/2021\/11\/23\/photo4963143407463672390.jpg\" alt=\"\"\/><\/figure>\n\n\n\n<figure class=\"wp-block-image\"><img src=\"http:\/\/arquivos.editoracpad.com.br\/uploads\/2021\/11\/23\/photo4963143407463672396.jpg\" alt=\"\"\/><\/figure>\n\n\n\n<figure class=\"wp-block-image\"><img src=\"http:\/\/arquivos.editoracpad.com.br\/uploads\/2021\/11\/23\/photo4963337909352639102.jpg\" alt=\"\"\/><\/figure>\n\n\n\n<figure class=\"wp-block-image\"><img src=\"http:\/\/arquivos.editoracpad.com.br\/uploads\/2021\/11\/23\/photo4963143407463672395.jpg\" alt=\"\"\/><\/figure>\n\n\n\n<figure class=\"wp-block-image\"><img src=\"http:\/\/arquivos.editoracpad.com.br\/uploads\/2021\/11\/23\/photo4963337909352639095.jpg\" alt=\"\"\/><\/figure>\n\n\n\n<h2><\/h2>\n","protected":false},"excerpt":{"rendered":"<p>Sob a supervis\u00e3o do pastor Washington Gomes, presidente da Assembleia de Deus na cidade de Santar\u00e9m, oeste do Par\u00e1, aconteceu no per\u00edodo de 18 \u00e0 20 de novembro, no Templo Central, a&nbsp;Confer\u00eancia de Miss\u00f5es 2021&nbsp;do CEMADES, com o tema: Discipulando At\u00e9 Jesus Voltar. A&nbsp;Secretaria Nacional de Miss\u00f5es (SENAMI),&nbsp;da&nbsp;Conven\u00e7\u00e3o Geral das Assembleias de Deus no Brasil [&hellip;]<\/p>\n","protected":false},"author":2,"featured_media":9902,"comment_status":"open","ping_status":"open","sticky":false,"template":"","format":"standard","meta":[],"categories":[5],"tags":[13],"_links":{"self":[{"href":"https:\/\/dgospel.com.br\/portal\/index.php\/wp-json\/wp\/v2\/posts\/9901"}],"collection":[{"href":"https:\/\/dgospel.com.br\/portal\/index.php\/wp-json\/wp\/v2\/posts"}],"about":[{"href":"https:\/\/dgospel.com.br\/portal\/index.php\/wp-json\/wp\/v2\/types\/post"}],"author":[{"embeddable":true,"href":"https:\/\/dgospel.com.br\/portal\/index.php\/wp-json\/wp\/v2\/users\/2"}],"replies":[{"embeddable":true,"href":"https:\/\/dgospel.com.br\/portal\/index.php\/wp-json\/wp\/v2\/comments?post=9901"}],"version-history":[{"count":1,"href":"https:\/\/dgospel.com.br\/portal\/index.php\/wp-json\/wp\/v2\/posts\/9901\/revisions"}],"predecessor-version":[{"id":9903,"href":"https:\/\/dgospel.com.br\/portal\/index.php\/wp-json\/wp\/v2\/posts\/9901\/revisions\/9903"}],"wp:featuredmedia":[{"embeddable":true,"href":"https:\/\/dgospel.com.br\/portal\/index.php\/wp-json\/wp\/v2\/media\/9902"}],"wp:attachment":[{"href":"https:\/\/dgospel.com.br\/portal\/index.php\/wp-json\/wp\/v2\/media?parent=9901"}],"wp:term":[{"taxonomy":"category","embeddable":true,"href":"https:\/\/dgospel.com.br\/portal\/index.php\/wp-json\/wp\/v2\/categories?post=9901"},{"taxonomy":"post_tag","embeddable":true,"href":"https:\/\/dgospel.com.br\/portal\/index.php\/wp-json\/wp\/v2\/tags?post=9901"}],"curies":[{"name":"wp","href":"https:\/\/api.w.org\/{rel}","templated":true}]}}