{"id":9904,"date":"2021-11-25T21:21:45","date_gmt":"2021-11-26T00:21:45","guid":{"rendered":"http:\/\/dgospel.com.br\/portal\/?p=9904"},"modified":"2021-11-25T21:21:47","modified_gmt":"2021-11-26T00:21:47","slug":"moraes-participa-de-evento-sobre-liberdade-com-mercury-e-wyllys","status":"publish","type":"post","link":"https:\/\/dgospel.com.br\/portal\/index.php\/2021\/11\/25\/moraes-participa-de-evento-sobre-liberdade-com-mercury-e-wyllys\/","title":{"rendered":"Moraes participa de evento sobre liberdade com Mercury e Wyllys"},"content":{"rendered":"\n<p>\n\nO ministro do Supremo Tribunal Federal,&nbsp;<a rel=\"noreferrer noopener\" href=\"https:\/\/pleno.news\/tag\/alexandre-de-moraes\" target=\"_blank\">Alexandre de Moraes<\/a>, participou, nesta ter\u00e7a-feira (23), do III Encontro Virtual Sobre Liberdade de Express\u00e3o, promovido pelo Conselho Nacional de Justi\u00e7a (CNJ). Entre os convidados do evento estavam o ex-deputado federal Jean Wyllys, a cantora Daniela Mercury e o ministro Mauro Campbell, do Tribunal Superior Eleitoral.\n\n<\/p>\n\n\n\n<figure class=\"wp-block-image\"><img src=\"https:\/\/static.cdn.pleno.news\/2021\/11\/WhatsApp-Image-2021-11-25-at-12.27.38.jpeg\" alt=\"Alexandre de Moraes participa de evento on-line do CNJ com Daniela Mercury e Jean Wyllys e fala sobre liberdade de express\u00e3o com responsabilidade\" class=\"wp-image-846530\"\/><figcaption>Evento foi promovido pelo CNJ&nbsp;Fotos: Nelson Jr.\/SCO\/STF, Thiago Duran\/AgNews e Alex Ferreira\/C\u00e2mara dos Deputados<\/figcaption><\/figure>\n\n\n\n\n\n<p>Na ocasi\u00e3o, Moraes se declarou contr\u00e1rio \u00e0 censura pr\u00e9via e um defensor da liberdade de express\u00e3o, mas frisou que as pessoas precisam ter \u201ccoragem\u201d para arcar com as consequ\u00eancias de suas falas.<\/p>\n\n\n\n<p>O magistrado foi o respons\u00e1vel por decretar a pris\u00e3o de figuras como o deputado federal Daniel Silveira, o ex-presidente nacional do PTB Roberto Jefferson e o jornalista Oswaldo Eust\u00e1quio, em inqu\u00e9ritos que apuram declara\u00e7\u00f5es e atos considerados antidemocr\u00e1ticos.<\/p>\n\n\n\n<p>\u2013 Voc\u00ea fala o que quiser, voc\u00ea se expressa como quiser, s\u00f3 que voc\u00ea ser\u00e1 respons\u00e1vel pelos seus atos. N\u00e3o existe a constru\u00e7\u00e3o de uma democracia com absoluta liberdade se n\u00e3o houver responsabilidade pelos seus atos \u2013 defendeu Moraes.<\/p>\n\n\n\n<figure class=\"wp-block-image\"><img src=\"https:\/\/static.cdn.pleno.news\/2021\/11\/Sem-t%C3%ADtulo-1.png\" alt=\"Alexandre de Moraes participa de evento on-line do CNJ com Daniela Mercury e Jean Wyllys e fala sobre liberdade de express\u00e3o com responsabilidade\" class=\"wp-image-846487\"\/><figcaption>III Encontro Virtual Sobre Liberdade de Express\u00e3o&nbsp;Foto: Reprodu\u00e7\u00e3o \/ Youtube<\/figcaption><\/figure>\n\n\n\n<p>Na avalia\u00e7\u00e3o do ministro do STF, o Brasil vive um trauma causado pelos per\u00edodos de exce\u00e7\u00e3o \u2013 o que, na sua vis\u00e3o, gera a no\u00e7\u00e3o de que \u201cliberdade de express\u00e3o \u00e9 tudo\u201d.<\/p>\n\n\n\n<p>\u2013 Temos que superar esse trauma. Discurso de \u00f3dio n\u00e3o \u00e9 liberdade de express\u00e3o. Atentado contra a democracia n\u00e3o \u00e9 liberdade de express\u00e3o \u2013 assinalou.<\/p>\n\n\n\n<p>Moraes tamb\u00e9m alegou que as redes sociais precisam migrar, juridicamente, de empresas de tecnologia para empresas de m\u00eddia, para que, desta forma, sejam obrigadas a aderir determinados tipos de controle.<\/p>\n\n\n\n<p>\u2013 Elas [as empresas de tecnologia] faturam mais que todas as empresas de r\u00e1dio e televis\u00e3o juntas, mas, ao se esconderem como empresas de tecnologia, conseguem n\u00e3o responder a nada. N\u00e3o precisam nem controlar pedofilia.<\/p>\n\n\n\n<figure class=\"wp-block-embed-youtube wp-block-embed is-type-video is-provider-youtube wp-embed-aspect-16-9 wp-has-aspect-ratio\"><div class=\"wp-block-embed__wrapper\">\n<iframe loading=\"lazy\" title=\"III Encontro Virtual sobre Liberdade de Express\u00e3o\" width=\"630\" height=\"354\" src=\"https:\/\/www.youtube.com\/embed\/el7GVFWhtvc?start=1&#038;feature=oembed\" frameborder=\"0\" allow=\"accelerometer; autoplay; clipboard-write; encrypted-media; gyroscope; picture-in-picture\" allowfullscreen><\/iframe>\n<\/div><\/figure>\n\n\n\n<h1><\/h1>\n\n\n\n<p><strong>CR\u00cdTICAS<\/strong><br>Ao comentar o caso, a analista pol\u00edtica da Jovem Pan, Ana Paula Henkel, criticou a participa\u00e7\u00e3o do ministro no encontro virtual do CNJ. Para ela, n\u00e3o \u00e9 adequado que um magistrado da Suprema Corte participe de eventos ao lado de figuras de oposi\u00e7\u00e3o ao governo.<\/p>\n\n\n\n<p>\u2013 Esse \u00e9 um ponto dific\u00edlimo de explicar: o que um ministro da Suprema Corte faz no Zoom com outras pessoas de partidos de oposi\u00e7\u00e3o ao governo [\u2026] N\u00e3o existe isso. Nenhum juiz da Suprema Corte americana tem rede social. Nenhum juiz d\u00e1 entrevista. Todos eles falam absolutamente nos autos ou, ent\u00e3o, quando alguma declara\u00e7\u00e3o oficial precisa ser dada. No entanto, o que n\u00f3s vemos aqui no Brasil \u00e9 uma vergonha \u2013 criticou.<\/p>\n\n\n\n<p>Henkel disse ainda concordar com o ministro sobre as pessoas serem respons\u00e1veis por suas palavras, mas enfatizou que \u201cexiste um processo legal para isso\u201d.<\/p>\n\n\n\n<p>\u2013 Uma pessoa, por exemplo, como o Roberto Jefferson, que n\u00e3o tem a prerrogativa do foro privilegiado, ser preso, uma pris\u00e3o de of\u00edcio, decretada por um ministro do STF. O que aconteceu com Minist\u00e9rio P\u00fablico, primeira inst\u00e2ncia, segunda inst\u00e2ncia? N\u00e3o existe mais o \u201cdue process\u201d [devido processo] no Brasil, o processo, o Estado Democr\u00e1tico de Direito, a Constitui\u00e7\u00e3o que os brasileiros v\u00eam pedindo que seja respeitada, e n\u00e3o essa interpreta\u00e7\u00e3o tosca que o senhor faz, ministro \u2013 concluiu.<\/p>\n","protected":false},"excerpt":{"rendered":"<p>O ministro do Supremo Tribunal Federal,&nbsp;Alexandre de Moraes, participou, nesta ter\u00e7a-feira (23), do III Encontro Virtual Sobre Liberdade de Express\u00e3o, promovido pelo Conselho Nacional de Justi\u00e7a (CNJ). Entre os convidados do evento estavam o ex-deputado federal Jean Wyllys, a cantora Daniela Mercury e o ministro Mauro Campbell, do Tribunal Superior Eleitoral. Na ocasi\u00e3o, Moraes se [&hellip;]<\/p>\n","protected":false},"author":2,"featured_media":9905,"comment_status":"open","ping_status":"open","sticky":false,"template":"","format":"standard","meta":[],"categories":[4],"tags":[],"_links":{"self":[{"href":"https:\/\/dgospel.com.br\/portal\/index.php\/wp-json\/wp\/v2\/posts\/9904"}],"collection":[{"href":"https:\/\/dgospel.com.br\/portal\/index.php\/wp-json\/wp\/v2\/posts"}],"about":[{"href":"https:\/\/dgospel.com.br\/portal\/index.php\/wp-json\/wp\/v2\/types\/post"}],"author":[{"embeddable":true,"href":"https:\/\/dgospel.com.br\/portal\/index.php\/wp-json\/wp\/v2\/users\/2"}],"replies":[{"embeddable":true,"href":"https:\/\/dgospel.com.br\/portal\/index.php\/wp-json\/wp\/v2\/comments?post=9904"}],"version-history":[{"count":1,"href":"https:\/\/dgospel.com.br\/portal\/index.php\/wp-json\/wp\/v2\/posts\/9904\/revisions"}],"predecessor-version":[{"id":9906,"href":"https:\/\/dgospel.com.br\/portal\/index.php\/wp-json\/wp\/v2\/posts\/9904\/revisions\/9906"}],"wp:featuredmedia":[{"embeddable":true,"href":"https:\/\/dgospel.com.br\/portal\/index.php\/wp-json\/wp\/v2\/media\/9905"}],"wp:attachment":[{"href":"https:\/\/dgospel.com.br\/portal\/index.php\/wp-json\/wp\/v2\/media?parent=9904"}],"wp:term":[{"taxonomy":"category","embeddable":true,"href":"https:\/\/dgospel.com.br\/portal\/index.php\/wp-json\/wp\/v2\/categories?post=9904"},{"taxonomy":"post_tag","embeddable":true,"href":"https:\/\/dgospel.com.br\/portal\/index.php\/wp-json\/wp\/v2\/tags?post=9904"}],"curies":[{"name":"wp","href":"https:\/\/api.w.org\/{rel}","templated":true}]}}