{"id":9928,"date":"2021-11-29T21:45:08","date_gmt":"2021-11-30T00:45:08","guid":{"rendered":"http:\/\/dgospel.com.br\/portal\/?p=9928"},"modified":"2021-11-29T21:45:09","modified_gmt":"2021-11-30T00:45:09","slug":"jair-bolsonaro-grava-video-e-pede-votos-para-mendonca-no-stf","status":"publish","type":"post","link":"https:\/\/dgospel.com.br\/portal\/index.php\/2021\/11\/29\/jair-bolsonaro-grava-video-e-pede-votos-para-mendonca-no-stf\/","title":{"rendered":"Jair Bolsonaro grava v\u00eddeo e pede votos para Mendon\u00e7a no STF"},"content":{"rendered":"\n<p> Ap\u00f3s meses de espera, a sabatina de Andr\u00e9 Mendon\u00e7a para uma vaga no Supremo Tribunal Federal (STF) ocorrer\u00e1 nesta semana. E, em apoio ao seu indicado, o presidente Jair Bolsonaro gravou um v\u00eddeo pedindo aos senadores que votem em seu ex-advogado-geral da Uni\u00e3o (AGU). A informa\u00e7\u00e3o foi dada pela coluna de Igor Gadelha, do portal Metr\u00f3poles. <\/p>\n\n\n\n<p> Mendon\u00e7a foi indicado por Bolsonaro em julho para ocupar a vaga deixada pelo ministro Marco Aur\u00e9lio de Mello no STF. Mas, desde ent\u00e3o, seu nome n\u00e3o passou pelo primeiro passo para ingressar na Corte, j\u00e1 que o senador Davi Alcolumbre (DEM-AP), presidente da CCJ, ainda n\u00e3o havia definido a data da sabatina. Na semana passada, no entanto, o senador acabou \u201ccedendo\u201d e marcou o procedimento para a pr\u00f3xima quarta-feira (1\u00ba). <\/p>\n\n\n\n<p>No v\u00eddeo, Bolsonaro disse esperar que o nome de Mendon\u00e7a seja aprovado no Supremo e desejou boa sorte ao ex-AGU.<\/p>\n\n\n\n<p>\u2013 A todos os brasileiros, chegou a hora. Em menos de 48 horas, se Deus quiser, o nome do Andr\u00e9 Mendon\u00e7a ser\u00e1 sabatinado no Senado Federal. Espero, obviamente, que seja aprovado e [que] tenhamos, ent\u00e3o, um representante de todos n\u00f3s dentro do Supremo Tribunal Federal. Andr\u00e9, boa sorte! Senhores senadores, a gente pede de cora\u00e7\u00e3o que aprovem o nome dele. Obviamente ser\u00e1 sabatinado, mas temos o entendimento [de] que ele est\u00e1 habilitado para exatamente exercer essa fun\u00e7\u00e3o \u2013 afirmou o presidente.<\/p>\n\n\n\n<figure class=\"wp-block-embed-youtube wp-block-embed is-type-video is-provider-youtube wp-embed-aspect-16-9 wp-has-aspect-ratio\"><div class=\"wp-block-embed__wrapper\">\n<iframe loading=\"lazy\" title=\"Bolsonaro grava vi\u0301deo pedindo votos para Andre\u0301 Mendonc\u0327a\" width=\"630\" height=\"354\" src=\"https:\/\/www.youtube.com\/embed\/BX6iaVBJaNg?feature=oembed\" frameborder=\"0\" allow=\"accelerometer; autoplay; clipboard-write; encrypted-media; gyroscope; picture-in-picture\" allowfullscreen><\/iframe>\n<\/div><\/figure>\n","protected":false},"excerpt":{"rendered":"<p>Ap\u00f3s meses de espera, a sabatina de Andr\u00e9 Mendon\u00e7a para uma vaga no Supremo Tribunal Federal (STF) ocorrer\u00e1 nesta semana. E, em apoio ao seu indicado, o presidente Jair Bolsonaro gravou um v\u00eddeo pedindo aos senadores que votem em seu ex-advogado-geral da Uni\u00e3o (AGU). A informa\u00e7\u00e3o foi dada pela coluna de Igor Gadelha, do portal [&hellip;]<\/p>\n","protected":false},"author":2,"featured_media":9929,"comment_status":"open","ping_status":"open","sticky":false,"template":"","format":"standard","meta":[],"categories":[4],"tags":[13],"_links":{"self":[{"href":"https:\/\/dgospel.com.br\/portal\/index.php\/wp-json\/wp\/v2\/posts\/9928"}],"collection":[{"href":"https:\/\/dgospel.com.br\/portal\/index.php\/wp-json\/wp\/v2\/posts"}],"about":[{"href":"https:\/\/dgospel.com.br\/portal\/index.php\/wp-json\/wp\/v2\/types\/post"}],"author":[{"embeddable":true,"href":"https:\/\/dgospel.com.br\/portal\/index.php\/wp-json\/wp\/v2\/users\/2"}],"replies":[{"embeddable":true,"href":"https:\/\/dgospel.com.br\/portal\/index.php\/wp-json\/wp\/v2\/comments?post=9928"}],"version-history":[{"count":1,"href":"https:\/\/dgospel.com.br\/portal\/index.php\/wp-json\/wp\/v2\/posts\/9928\/revisions"}],"predecessor-version":[{"id":9930,"href":"https:\/\/dgospel.com.br\/portal\/index.php\/wp-json\/wp\/v2\/posts\/9928\/revisions\/9930"}],"wp:featuredmedia":[{"embeddable":true,"href":"https:\/\/dgospel.com.br\/portal\/index.php\/wp-json\/wp\/v2\/media\/9929"}],"wp:attachment":[{"href":"https:\/\/dgospel.com.br\/portal\/index.php\/wp-json\/wp\/v2\/media?parent=9928"}],"wp:term":[{"taxonomy":"category","embeddable":true,"href":"https:\/\/dgospel.com.br\/portal\/index.php\/wp-json\/wp\/v2\/categories?post=9928"},{"taxonomy":"post_tag","embeddable":true,"href":"https:\/\/dgospel.com.br\/portal\/index.php\/wp-json\/wp\/v2\/tags?post=9928"}],"curies":[{"name":"wp","href":"https:\/\/api.w.org\/{rel}","templated":true}]}}