{"id":9931,"date":"2021-11-29T22:09:08","date_gmt":"2021-11-30T01:09:08","guid":{"rendered":"http:\/\/dgospel.com.br\/portal\/?p=9931"},"modified":"2021-11-29T22:09:09","modified_gmt":"2021-11-30T01:09:09","slug":"lula-nao-vai-enganar-o-povo-evangelico-afirma-malafaia","status":"publish","type":"post","link":"https:\/\/dgospel.com.br\/portal\/index.php\/2021\/11\/29\/lula-nao-vai-enganar-o-povo-evangelico-afirma-malafaia\/","title":{"rendered":"\u2018Lula n\u00e3o vai enganar o povo evang\u00e9lico\u2019, afirma Malafaia"},"content":{"rendered":"\n<p> Em busca do apoio de evang\u00e9licos para as elei\u00e7\u00f5es de 2022, o ex-presidente Luiz In\u00e1cio Lula da Silva participou de um evento religioso no fim de semana no qual afirmou que assistiu a cultos durante o tempo em que esteve preso. A iniciativa do petista, no entanto, foi criticada pelo pastor Silas Malafaia, que afirmou que Lula \u201cn\u00e3o vai enganar o povo evang\u00e9lico\u201d. <\/p>\n\n\n\n<p> A declara\u00e7\u00e3o foi dada pelo pastor \u00e0 coluna Radar, da Revista Veja. <\/p>\n\n\n\n<p>\u2013 A esquerda n\u00e3o engana mais a gente. Esse neg\u00f3cio de querer abrir B\u00edblia, levantar m\u00e3ozinha, n\u00e3o funciona mais. Meu irm\u00e3o, n\u00f3s n\u00e3o somos mais trouxas. A esquerda \u00e9 contr\u00e1ria a todos os nossos princ\u00edpios ideol\u00f3gicos. O PT votou contra tudo aquilo que temos como princ\u00edpio b\u00e1sico e n\u00e3o abrimos m\u00e3o. Lula n\u00e3o vai enganar o povo evang\u00e9lico \u2013 apontou.<\/p>\n\n\n\n<p>No evento, Lula chegou a dizer que a \u201creligi\u00e3o pode ser feita com muita verdade e ningu\u00e9m precisa utilizar da boa-f\u00e9 dos outros\u201d.<\/p>\n","protected":false},"excerpt":{"rendered":"<p>Em busca do apoio de evang\u00e9licos para as elei\u00e7\u00f5es de 2022, o ex-presidente Luiz In\u00e1cio Lula da Silva participou de um evento religioso no fim de semana no qual afirmou que assistiu a cultos durante o tempo em que esteve preso. A iniciativa do petista, no entanto, foi criticada pelo pastor Silas Malafaia, que afirmou [&hellip;]<\/p>\n","protected":false},"author":2,"featured_media":9932,"comment_status":"open","ping_status":"open","sticky":false,"template":"","format":"standard","meta":[],"categories":[5,4],"tags":[],"_links":{"self":[{"href":"https:\/\/dgospel.com.br\/portal\/index.php\/wp-json\/wp\/v2\/posts\/9931"}],"collection":[{"href":"https:\/\/dgospel.com.br\/portal\/index.php\/wp-json\/wp\/v2\/posts"}],"about":[{"href":"https:\/\/dgospel.com.br\/portal\/index.php\/wp-json\/wp\/v2\/types\/post"}],"author":[{"embeddable":true,"href":"https:\/\/dgospel.com.br\/portal\/index.php\/wp-json\/wp\/v2\/users\/2"}],"replies":[{"embeddable":true,"href":"https:\/\/dgospel.com.br\/portal\/index.php\/wp-json\/wp\/v2\/comments?post=9931"}],"version-history":[{"count":1,"href":"https:\/\/dgospel.com.br\/portal\/index.php\/wp-json\/wp\/v2\/posts\/9931\/revisions"}],"predecessor-version":[{"id":9933,"href":"https:\/\/dgospel.com.br\/portal\/index.php\/wp-json\/wp\/v2\/posts\/9931\/revisions\/9933"}],"wp:featuredmedia":[{"embeddable":true,"href":"https:\/\/dgospel.com.br\/portal\/index.php\/wp-json\/wp\/v2\/media\/9932"}],"wp:attachment":[{"href":"https:\/\/dgospel.com.br\/portal\/index.php\/wp-json\/wp\/v2\/media?parent=9931"}],"wp:term":[{"taxonomy":"category","embeddable":true,"href":"https:\/\/dgospel.com.br\/portal\/index.php\/wp-json\/wp\/v2\/categories?post=9931"},{"taxonomy":"post_tag","embeddable":true,"href":"https:\/\/dgospel.com.br\/portal\/index.php\/wp-json\/wp\/v2\/tags?post=9931"}],"curies":[{"name":"wp","href":"https:\/\/api.w.org\/{rel}","templated":true}]}}