{"id":9937,"date":"2021-11-29T22:23:13","date_gmt":"2021-11-30T01:23:13","guid":{"rendered":"http:\/\/dgospel.com.br\/portal\/?p=9937"},"modified":"2021-11-29T22:23:14","modified_gmt":"2021-11-30T01:23:14","slug":"lula-quer-petistas-fazendo-momento-evangelico-na-radio-e-tv-do-partido","status":"publish","type":"post","link":"https:\/\/dgospel.com.br\/portal\/index.php\/2021\/11\/29\/lula-quer-petistas-fazendo-momento-evangelico-na-radio-e-tv-do-partido\/","title":{"rendered":"Lula quer petistas fazendo \u2018momento evang\u00e9lico\u2019 na r\u00e1dio e TV do partido"},"content":{"rendered":"\n<p> O ex-presidente Lula (PT) segue fazendo pr\u00e9-campanha eleitoral visando a disputa pelo Pal\u00e1cio do Planalto em 2022 e no \u00faltimo s\u00e1bado, 27 de novembro, pediu que seu partido crie um \u201cmomento evang\u00e9lico\u201d em suas m\u00eddias. <\/p>\n\n\n\n<p>O encontro virtual foi comandado pela deputada federal Benedita da Silva (PT-RJ),&nbsp;<a href=\"https:\/\/noticias.gospelmais.com.br\/malafaia-repudia-deputada-evangelica-derramamento-de-sangue-90801.html\"><strong>que alega ser evang\u00e9lica<\/strong><\/a>, e contou com a presen\u00e7a do ex-presidi\u00e1rio e tamb\u00e9m de religiosos simpatizantes com a ideologia de esquerda.<\/p>\n\n\n\n<p>Durante a reuni\u00e3o, Lula pediu que o PT crie um \u201cmomento evang\u00e9lico\u201d nas emissoras de r\u00e1dio e TV do partido, para que militantes possam se manifestar.<\/p>\n\n\n\n<p>\u201cA gente deveria criar na televis\u00e3o do PT, na r\u00e1dio do PT, o momento evang\u00e9lico, o momento da nossa r\u00e1dio e na nossa televis\u00e3o em que a gente pudesse ter voc\u00eas (fi\u00e9is) falando. N\u00e3o \u00e9 escolher um pastor, um bispo. \u00c9 voc\u00eas. Do jeito que voc\u00eas falaram. Com a tranquilidade que voc\u00eas falaram. Com a alma aberta, do jeito que voc\u00eas falaram, que interessa pra gente colocar nas nossas redes para as pessoas perceberem efetivamente o que \u00e9 a religi\u00e3o evang\u00e9lica no nosso pa\u00eds\u201d, declarou Lula.<\/p>\n\n\n\n<p>Sem negar que precisa do voto dos evang\u00e9licos para derrotar o presidente Jair Bolsonaro, Lula afirmou que as pesquisas de inten\u00e7\u00e3o de voto mostram que ele tem grande aceita\u00e7\u00e3o no meio. Essas pesquisas, feitas nas mesmas metodologias e pelos mesmos institutos, diziam que Bolsonaro perderia para qualquer candidato no segundo turno de 2018.<\/p>\n\n\n\n<p>\u201cNunca acreditei nessa hist\u00f3ria de que o evang\u00e9licos iam votar em n\u00e3o sei aonde. Eu acho que os evang\u00e9licos votam naqueles que tiverem capacidade de convencer eles. Naqueles que fizerem seus argumentos chegarem at\u00e9 eles. Lamentavelmente, a gente teve em 2018 uma campanha com&nbsp;<em>fake news<\/em>, com muita mentira. Coisa que a gente n\u00e3o estava t\u00e3o acostumado. E n\u00f3s aprendemos. Eu acompanho pesquisa todo dia e eu n\u00e3o vejo o Bolsonaro ganhar de mim no meio dos evang\u00e9licos. Eu n\u00e3o vejo\u201d, alegou.<\/p>\n\n\n\n<p>Por fim, o ex-presidente afirmou que no pr\u00f3ximo ano pretende mostrar \u201ca qualidade do nosso discurso para o povo religioso, de todas as religi\u00f5es\u201d, segundo informa\u00e7\u00f5es do portal&nbsp;<a target=\"_blank\" href=\"https:\/\/www.otempo.com.br\/politica\/lula-pede-ao-pt-para-criar-momento-evangelico-em-sua-tv-e-radio-1.2576156\" rel=\"noreferrer noopener\"><em>O Tempo<\/em><\/a>.<\/p>\n\n\n\n<h3>Lula n\u00e3o convence<\/h3>\n\n\n\n<p>O ex-presidente vem, desde sua soltura pelo STF, tentando criar la\u00e7os de aproxima\u00e7\u00e3o com evang\u00e9licos, visando as elei\u00e7\u00f5es presidenciais, mas n\u00e3o nega que sua inten\u00e7\u00e3o \u00e9 \u201cconvencer\u201d, ao inv\u00e9s de compreender o modo de pensar crist\u00e3o.<\/p>\n\n\n\n<p>Essa estrat\u00e9gia se tornou evidente quando, em janeiro de 2020, o PT divulgou uma carta com sua pretens\u00e3o de ensinar \u201cmodos de&nbsp;<a href=\"https:\/\/noticias.gospelmais.com.br\/pt-ensinar-evangelicos-ler-e-interpretar-biblia-129888.html\"><strong>leitura e de interpreta\u00e7\u00e3o da B\u00edblia<\/strong><\/a>\u201d aos evang\u00e9licos.<\/p>\n\n\n\n<p>No mesmo m\u00eas, Lula concedeu uma entrevista aos jornalistas simpatizantes da esquerda Juca Kfouri, Talita Galli, e Jos\u00e9 Trajano, e afirmou que seu plano era \u201cdiscutir religi\u00e3o nesse pa\u00eds\u201d, e amea\u00e7ou: \u201c<a href=\"https:\/\/noticias.gospelmais.com.br\/conversar-essa-gente-lula-dialogo-evangelicos-129367.html\"><strong>Eu quero entrar nessa<\/strong><\/a>. Eu tenho at\u00e9 um jeit\u00e3o de ser pastor, tenho um jeit\u00e3o, t\u00f4 de cabelo branco\u2026 Eu posso ser pastor ou pode ser padre, \u00e9 s\u00f3 a Igreja [Cat\u00f3lica] acabar com o celibato que eu topo\u201d.<\/p>\n\n\n\n<p>Em 2021,\u00a0<a href=\"https:\/\/noticias.gospelmais.com.br\/manoel-ferreira-lula-malafaia-artilharia-pesada-147375.html\"><strong>Lula visitou o bispo Manoel Ferreira<\/strong><\/a>, l\u00edder da Assembleia de Deus Minist\u00e9rio de Madureira, acompanhado da deputada federal Gleisi Hoffmann (PT-PR), em mais uma tentativa de aproxima\u00e7\u00e3o com lideran\u00e7as evang\u00e9licas.<\/p>\n\n\n\n<p>O encontro vazou para a imprensa atrav\u00e9s do ex-governador fluminense Anthony Garotinho, e causou enorme rea\u00e7\u00e3o de outras lideran\u00e7as, como por exemplo, o pastor Silas Malafaia.<\/p>\n","protected":false},"excerpt":{"rendered":"<p>O ex-presidente Lula (PT) segue fazendo pr\u00e9-campanha eleitoral visando a disputa pelo Pal\u00e1cio do Planalto em 2022 e no \u00faltimo s\u00e1bado, 27 de novembro, pediu que seu partido crie um \u201cmomento evang\u00e9lico\u201d em suas m\u00eddias. O encontro virtual foi comandado pela deputada federal Benedita da Silva (PT-RJ),&nbsp;que alega ser evang\u00e9lica, e contou com a presen\u00e7a [&hellip;]<\/p>\n","protected":false},"author":2,"featured_media":9938,"comment_status":"open","ping_status":"open","sticky":false,"template":"","format":"standard","meta":[],"categories":[4],"tags":[14],"_links":{"self":[{"href":"https:\/\/dgospel.com.br\/portal\/index.php\/wp-json\/wp\/v2\/posts\/9937"}],"collection":[{"href":"https:\/\/dgospel.com.br\/portal\/index.php\/wp-json\/wp\/v2\/posts"}],"about":[{"href":"https:\/\/dgospel.com.br\/portal\/index.php\/wp-json\/wp\/v2\/types\/post"}],"author":[{"embeddable":true,"href":"https:\/\/dgospel.com.br\/portal\/index.php\/wp-json\/wp\/v2\/users\/2"}],"replies":[{"embeddable":true,"href":"https:\/\/dgospel.com.br\/portal\/index.php\/wp-json\/wp\/v2\/comments?post=9937"}],"version-history":[{"count":1,"href":"https:\/\/dgospel.com.br\/portal\/index.php\/wp-json\/wp\/v2\/posts\/9937\/revisions"}],"predecessor-version":[{"id":9939,"href":"https:\/\/dgospel.com.br\/portal\/index.php\/wp-json\/wp\/v2\/posts\/9937\/revisions\/9939"}],"wp:featuredmedia":[{"embeddable":true,"href":"https:\/\/dgospel.com.br\/portal\/index.php\/wp-json\/wp\/v2\/media\/9938"}],"wp:attachment":[{"href":"https:\/\/dgospel.com.br\/portal\/index.php\/wp-json\/wp\/v2\/media?parent=9937"}],"wp:term":[{"taxonomy":"category","embeddable":true,"href":"https:\/\/dgospel.com.br\/portal\/index.php\/wp-json\/wp\/v2\/categories?post=9937"},{"taxonomy":"post_tag","embeddable":true,"href":"https:\/\/dgospel.com.br\/portal\/index.php\/wp-json\/wp\/v2\/tags?post=9937"}],"curies":[{"name":"wp","href":"https:\/\/api.w.org\/{rel}","templated":true}]}}