{"id":9940,"date":"2021-11-29T22:25:31","date_gmt":"2021-11-30T01:25:31","guid":{"rendered":"http:\/\/dgospel.com.br\/portal\/?p=9940"},"modified":"2021-11-29T22:25:32","modified_gmt":"2021-11-30T01:25:32","slug":"governo-do-tocantins-realiza-manutencao-em-trecho-da-to-050-entre-porto-nacional-e-silvanopolis","status":"publish","type":"post","link":"https:\/\/dgospel.com.br\/portal\/index.php\/2021\/11\/29\/governo-do-tocantins-realiza-manutencao-em-trecho-da-to-050-entre-porto-nacional-e-silvanopolis\/","title":{"rendered":"Governo do Tocantins realiza manuten\u00e7\u00e3o em trecho da TO-050 entre Porto Nacional e Silvan\u00f3polis"},"content":{"rendered":"\n<p>O Governo do Tocantins, por meio da Ag\u00eancia Tocantinense de Transportes e Obras (Ageto), est\u00e1 realizando desde a sexta-feira, 26, os servi\u00e7os de tapa-buracos na TO-050, trecho entre Porto Nacional e Silvan\u00f3polis.<\/p>\n\n\n\n<p>O trecho possui 56 km e \u00e9 uma importante rota para escoamento da produ\u00e7\u00e3o de gr\u00e3os da regi\u00e3o, al\u00e9m disso, \u00e9 uma das principais vias de acesso ao sudeste do Tocantins. Devido a instabilidade nas condi\u00e7\u00f5es clim\u00e1ticas, a equipe espera concluir os trabalhos at\u00e9 o pr\u00f3ximo dia 12 de dezembro.<\/p>\n\n\n\n<p>O projeto de pavimenta\u00e7\u00e3o do trecho, quando foi feito, n\u00e3o previu o aumento do tr\u00e1fego e de cargas na via. \u201cA rodovia n\u00e3o foi constru\u00edda para receber essa intensidade no tr\u00e1fego, esse fator, aliado \u00e0s chuvas, contribui com a degrada\u00e7\u00e3o do pavimento, mas o Governo do Tocantins est\u00e1 atuando para minimizar os impactos\u201d, explicou o engenheiro da Ageto, Celso Oliveira.<\/p>\n\n\n\n<p>Com a manuten\u00e7\u00e3o do trecho, a expectativa \u00e9 melhorar a trafegabilidade na regi\u00e3o. \u201cA TO-050 \u00e9 uma via importante para os produtores locais. E o Governo do Tocantins est\u00e1 empenhado em melhorar a malha vi\u00e1ria e garantir o tr\u00e1fego seguro da popula\u00e7\u00e3o\u201d, ressaltou o presidente da Ageto, M\u00e1rcio Pinheiro.<\/p>\n\n\n\n<p><strong>Federaliza\u00e7\u00e3o<\/strong><\/p>\n\n\n\n<p>Vale lembrar que este trecho de Porto Nacional a Silvan\u00f3polis est\u00e1 com processo de federaliza\u00e7\u00e3o em andamento no Minist\u00e9rio dos Transportes. Ao finalizar o processo o trecho deixar\u00e1 de ser TO-050 e passar\u00e1 a integrar a BR-010, ficando sob a responsabilidade do Departamento Nacional de Infraestrutura e Transportes (DNIT).<\/p>\n\n\n\n<p><strong>Trecho TO-030<\/strong><\/p>\n\n\n\n<p>Ainda nesta semana est\u00e1 na agenda da Ageto o in\u00edcio da opera\u00e7\u00e3o tapa-buracos no trecho de 36 km da rodovia TO-030, entre Taquaru\u00e7u a Buritirana. A rodovia serve como acesso dos dois Distritos a Palmas. O objetivo dos servi\u00e7os \u00e9 diminuir a quantidade de buracos na pista e evitar a forma\u00e7\u00e3o de crateras com as chuvas fortes que t\u00eam atingido a regi\u00e3o.<\/p>\n","protected":false},"excerpt":{"rendered":"<p>O Governo do Tocantins, por meio da Ag\u00eancia Tocantinense de Transportes e Obras (Ageto), est\u00e1 realizando desde a sexta-feira, 26, os servi\u00e7os de tapa-buracos na TO-050, trecho entre Porto Nacional e Silvan\u00f3polis. O trecho possui 56 km e \u00e9 uma importante rota para escoamento da produ\u00e7\u00e3o de gr\u00e3os da regi\u00e3o, al\u00e9m disso, \u00e9 uma das [&hellip;]<\/p>\n","protected":false},"author":2,"featured_media":9941,"comment_status":"open","ping_status":"open","sticky":false,"template":"","format":"standard","meta":[],"categories":[3],"tags":[13],"_links":{"self":[{"href":"https:\/\/dgospel.com.br\/portal\/index.php\/wp-json\/wp\/v2\/posts\/9940"}],"collection":[{"href":"https:\/\/dgospel.com.br\/portal\/index.php\/wp-json\/wp\/v2\/posts"}],"about":[{"href":"https:\/\/dgospel.com.br\/portal\/index.php\/wp-json\/wp\/v2\/types\/post"}],"author":[{"embeddable":true,"href":"https:\/\/dgospel.com.br\/portal\/index.php\/wp-json\/wp\/v2\/users\/2"}],"replies":[{"embeddable":true,"href":"https:\/\/dgospel.com.br\/portal\/index.php\/wp-json\/wp\/v2\/comments?post=9940"}],"version-history":[{"count":1,"href":"https:\/\/dgospel.com.br\/portal\/index.php\/wp-json\/wp\/v2\/posts\/9940\/revisions"}],"predecessor-version":[{"id":9942,"href":"https:\/\/dgospel.com.br\/portal\/index.php\/wp-json\/wp\/v2\/posts\/9940\/revisions\/9942"}],"wp:featuredmedia":[{"embeddable":true,"href":"https:\/\/dgospel.com.br\/portal\/index.php\/wp-json\/wp\/v2\/media\/9941"}],"wp:attachment":[{"href":"https:\/\/dgospel.com.br\/portal\/index.php\/wp-json\/wp\/v2\/media?parent=9940"}],"wp:term":[{"taxonomy":"category","embeddable":true,"href":"https:\/\/dgospel.com.br\/portal\/index.php\/wp-json\/wp\/v2\/categories?post=9940"},{"taxonomy":"post_tag","embeddable":true,"href":"https:\/\/dgospel.com.br\/portal\/index.php\/wp-json\/wp\/v2\/tags?post=9940"}],"curies":[{"name":"wp","href":"https:\/\/api.w.org\/{rel}","templated":true}]}}