{"id":9949,"date":"2021-11-30T17:55:59","date_gmt":"2021-11-30T20:55:59","guid":{"rendered":"http:\/\/dgospel.com.br\/portal\/?p=9949"},"modified":"2021-11-30T17:56:01","modified_gmt":"2021-11-30T20:56:01","slug":"com-destaque-para-deus-patria-e-familia-bolsonaro-se-filia-ao-pl","status":"publish","type":"post","link":"https:\/\/dgospel.com.br\/portal\/index.php\/2021\/11\/30\/com-destaque-para-deus-patria-e-familia-bolsonaro-se-filia-ao-pl\/","title":{"rendered":"Com destaque para Deus, p\u00e1tria e fam\u00edlia, Bolsonaro se filia ao PL"},"content":{"rendered":"\n<p>O presidente&nbsp;<a href=\"http:\/\/pleno.news\/tag\/jair-bolsonaro\" target=\"_blank\" rel=\"noreferrer noopener\">Jair Bolsonaro<\/a>&nbsp;se filiou oficialmente, na manh\u00e3 desta ter\u00e7a-feira (30), ao Partido Liberal (<a href=\"http:\/\/pleno.news\/tag\/pl\" target=\"_blank\" rel=\"noreferrer noopener\">PL<\/a>), em cerim\u00f4nia realizada no audit\u00f3rio do Complexo Brasil 21, em Bras\u00edlia, no Distrito Federal. No evento, marcaram presen\u00e7a tanto ministros do governo federal, como Ciro Nogueira (Casa Civil) e Fl\u00e1via Arruda (Secretaria de Governo), quanto lideran\u00e7as do PL.<\/p>\n\n\n\n<p>Durante a cerim\u00f4nia, Bolsonaro refor\u00e7ou que a decis\u00e3o de se filiar ao partido \u201cn\u00e3o foi f\u00e1cil\u201d, mas destacou que, assim como um casamento, agora os integrantes de seu novo partido fazem parte de \u201cuma fam\u00edlia\u201d e que ele estava se \u201csentindo em casa\u201d.<\/p>\n\n\n\n<p>\u2013 Estou me sentindo em casa. Voc\u00eas me trazem lembran\u00e7as agrad\u00e1veis, lembran\u00e7as de luta, lembran\u00e7as de embate, mas, acima de tudo, momentos em que n\u00f3s, juntos, fizemos [muito] pelo nosso pa\u00eds \u2013 ressaltou.<\/p>\n\n\n\n<p>O chefe do Executivo tamb\u00e9m destacou a luta que tem travado contra as posturas ideol\u00f3gicas adotadas em gest\u00f5es anteriores e afirmou que seu governo tem sido marcado por um resgate do patriotismo e de valores como \u201cDeus, p\u00e1tria e fam\u00edlia\u201d.<\/p>\n\n\n\n<p>\u2013 Quem tem andado pelo Brasil, v\u00ea cada vez mais as cores verde e amarela predominando sobre o vermelho, as cores da nossa bandeira. N\u00f3s conseguimos fazer brotar no cora\u00e7\u00e3o dos brasileiros o sentimento de patriotismo, de amor \u00e0 p\u00e1tria, de falar em Deus, p\u00e1tria e fam\u00edlia \u2013 disse.<\/p>\n\n\n\n<p>Por fim, Bolsonaro tamb\u00e9m afirmou que, apesar de alguns integrantes da \u201cregi\u00e3o da Pra\u00e7a dos Tr\u00eas Poderes\u201d extrapolarem a liberdade \u2013 fala que provavelmente faz refer\u00eancia a integrantes do Supremo Tribunal Federal (STF) -, alguns come\u00e7am a enquadrar-se nos fundamentos do pa\u00eds.<\/p>\n\n\n\n<p>\u2013 Devemos zelar pela nossa liberdade. Alguns extrapolam aqui, na regi\u00e3o da Pra\u00e7a dos Tr\u00eas Poderes, mas essa pessoa vai ser enquadrada, vai se enquadrando, vai vendo que a maioria somos n\u00f3s. N\u00f3s, que temos voto, \u00e9 que devemos conduzir o destino da na\u00e7\u00e3o \u2013 completou.<\/p>\n","protected":false},"excerpt":{"rendered":"<p>O presidente&nbsp;Jair Bolsonaro&nbsp;se filiou oficialmente, na manh\u00e3 desta ter\u00e7a-feira (30), ao Partido Liberal (PL), em cerim\u00f4nia realizada no audit\u00f3rio do Complexo Brasil 21, em Bras\u00edlia, no Distrito Federal. No evento, marcaram presen\u00e7a tanto ministros do governo federal, como Ciro Nogueira (Casa Civil) e Fl\u00e1via Arruda (Secretaria de Governo), quanto lideran\u00e7as do PL. Durante a cerim\u00f4nia, [&hellip;]<\/p>\n","protected":false},"author":2,"featured_media":9950,"comment_status":"open","ping_status":"open","sticky":false,"template":"","format":"standard","meta":[],"categories":[4],"tags":[13],"_links":{"self":[{"href":"https:\/\/dgospel.com.br\/portal\/index.php\/wp-json\/wp\/v2\/posts\/9949"}],"collection":[{"href":"https:\/\/dgospel.com.br\/portal\/index.php\/wp-json\/wp\/v2\/posts"}],"about":[{"href":"https:\/\/dgospel.com.br\/portal\/index.php\/wp-json\/wp\/v2\/types\/post"}],"author":[{"embeddable":true,"href":"https:\/\/dgospel.com.br\/portal\/index.php\/wp-json\/wp\/v2\/users\/2"}],"replies":[{"embeddable":true,"href":"https:\/\/dgospel.com.br\/portal\/index.php\/wp-json\/wp\/v2\/comments?post=9949"}],"version-history":[{"count":1,"href":"https:\/\/dgospel.com.br\/portal\/index.php\/wp-json\/wp\/v2\/posts\/9949\/revisions"}],"predecessor-version":[{"id":9951,"href":"https:\/\/dgospel.com.br\/portal\/index.php\/wp-json\/wp\/v2\/posts\/9949\/revisions\/9951"}],"wp:featuredmedia":[{"embeddable":true,"href":"https:\/\/dgospel.com.br\/portal\/index.php\/wp-json\/wp\/v2\/media\/9950"}],"wp:attachment":[{"href":"https:\/\/dgospel.com.br\/portal\/index.php\/wp-json\/wp\/v2\/media?parent=9949"}],"wp:term":[{"taxonomy":"category","embeddable":true,"href":"https:\/\/dgospel.com.br\/portal\/index.php\/wp-json\/wp\/v2\/categories?post=9949"},{"taxonomy":"post_tag","embeddable":true,"href":"https:\/\/dgospel.com.br\/portal\/index.php\/wp-json\/wp\/v2\/tags?post=9949"}],"curies":[{"name":"wp","href":"https:\/\/api.w.org\/{rel}","templated":true}]}}