{"id":9952,"date":"2021-11-30T18:00:16","date_gmt":"2021-11-30T21:00:16","guid":{"rendered":"http:\/\/dgospel.com.br\/portal\/?p=9952"},"modified":"2021-11-30T18:00:17","modified_gmt":"2021-11-30T21:00:17","slug":"pastor-marco-feliciano-faz-oracao-em-filiacao-de-bolsonaro-no-pl","status":"publish","type":"post","link":"https:\/\/dgospel.com.br\/portal\/index.php\/2021\/11\/30\/pastor-marco-feliciano-faz-oracao-em-filiacao-de-bolsonaro-no-pl\/","title":{"rendered":"Pastor Marco Feliciano faz ora\u00e7\u00e3o em filia\u00e7\u00e3o de Bolsonaro no PL"},"content":{"rendered":"\n<p>Durante a filia\u00e7\u00e3o do presidente&nbsp;<a href=\"http:\/\/pleno.news\/tag\/jair-bolsonaro\" target=\"_blank\" rel=\"noreferrer noopener\">Jair Bolsonaro<\/a>, na manh\u00e3 desta ter\u00e7a-feira (30), o deputado federal e pastor&nbsp;<a href=\"http:\/\/pleno.news\/tag\/marco-feliciano\" target=\"_blank\" rel=\"noreferrer noopener\">Marco Feliciano<\/a>&nbsp;(PL-SP) realizou uma ora\u00e7\u00e3o pelo chefe do Executivo. O momento espiritual ocorreu a pedido do pr\u00f3prio Bolsonaro. Na ora\u00e7\u00e3o, Feliciano pediu que Deus aben\u00e7oasse o encontro.<\/p>\n\n\n\n<p>\u2013 Senhor, n\u00f3s Te agradecemos por essa reuni\u00e3o e sabemos que tudo que aqui \u00e9 feito e falado reflete sobre a nossa na\u00e7\u00e3o, que j\u00e1 sofreu muito e que agora come\u00e7a a sair do lama\u00e7al. N\u00f3s acreditamos em tempos de paz e em tempos de muita alegria. Rege, Senhor, portanto, as autoridades que aqui est\u00e3o. Estende Tuas m\u00e3os sobre o nosso partido e sobre o nosso presidente \u2013 orou.<\/p>\n\n\n\n<p>Durante o seu discurso, Bolsonaro tamb\u00e9m falou de Deus e ressaltou a luta que tem travado contra as posturas ideol\u00f3gicas adotadas em gest\u00f5es anteriores. De acordo com o presidente, sua gest\u00e3o tem sido marcada por um resgate do patriotismo e de valores como \u201cDeus, p\u00e1tria e fam\u00edlia\u201d.<\/p>\n\n\n\n<p>\u2013 Quem tem andado pelo Brasil, v\u00ea cada vez mais as cores verde e amarela predominando sobre o vermelho, as cores da nossa bandeira. N\u00f3s conseguimos fazer brotar no cora\u00e7\u00e3o dos brasileiros o sentimento de patriotismo, de amor \u00e0 p\u00e1tria, de falar em Deus, p\u00e1tria e fam\u00edlia \u2013 disse.<\/p>\n","protected":false},"excerpt":{"rendered":"<p>Durante a filia\u00e7\u00e3o do presidente&nbsp;Jair Bolsonaro, na manh\u00e3 desta ter\u00e7a-feira (30), o deputado federal e pastor&nbsp;Marco Feliciano&nbsp;(PL-SP) realizou uma ora\u00e7\u00e3o pelo chefe do Executivo. O momento espiritual ocorreu a pedido do pr\u00f3prio Bolsonaro. Na ora\u00e7\u00e3o, Feliciano pediu que Deus aben\u00e7oasse o encontro. \u2013 Senhor, n\u00f3s Te agradecemos por essa reuni\u00e3o e sabemos que tudo que [&hellip;]<\/p>\n","protected":false},"author":2,"featured_media":9953,"comment_status":"open","ping_status":"open","sticky":false,"template":"","format":"standard","meta":[],"categories":[5,4],"tags":[],"_links":{"self":[{"href":"https:\/\/dgospel.com.br\/portal\/index.php\/wp-json\/wp\/v2\/posts\/9952"}],"collection":[{"href":"https:\/\/dgospel.com.br\/portal\/index.php\/wp-json\/wp\/v2\/posts"}],"about":[{"href":"https:\/\/dgospel.com.br\/portal\/index.php\/wp-json\/wp\/v2\/types\/post"}],"author":[{"embeddable":true,"href":"https:\/\/dgospel.com.br\/portal\/index.php\/wp-json\/wp\/v2\/users\/2"}],"replies":[{"embeddable":true,"href":"https:\/\/dgospel.com.br\/portal\/index.php\/wp-json\/wp\/v2\/comments?post=9952"}],"version-history":[{"count":1,"href":"https:\/\/dgospel.com.br\/portal\/index.php\/wp-json\/wp\/v2\/posts\/9952\/revisions"}],"predecessor-version":[{"id":9954,"href":"https:\/\/dgospel.com.br\/portal\/index.php\/wp-json\/wp\/v2\/posts\/9952\/revisions\/9954"}],"wp:featuredmedia":[{"embeddable":true,"href":"https:\/\/dgospel.com.br\/portal\/index.php\/wp-json\/wp\/v2\/media\/9953"}],"wp:attachment":[{"href":"https:\/\/dgospel.com.br\/portal\/index.php\/wp-json\/wp\/v2\/media?parent=9952"}],"wp:term":[{"taxonomy":"category","embeddable":true,"href":"https:\/\/dgospel.com.br\/portal\/index.php\/wp-json\/wp\/v2\/categories?post=9952"},{"taxonomy":"post_tag","embeddable":true,"href":"https:\/\/dgospel.com.br\/portal\/index.php\/wp-json\/wp\/v2\/tags?post=9952"}],"curies":[{"name":"wp","href":"https:\/\/api.w.org\/{rel}","templated":true}]}}