{"id":9956,"date":"2021-12-01T23:15:28","date_gmt":"2021-12-02T02:15:28","guid":{"rendered":"http:\/\/dgospel.com.br\/portal\/?p=9956"},"modified":"2021-12-01T23:15:29","modified_gmt":"2021-12-02T02:15:29","slug":"andre-mendonca-e-aprovado-para-o-stf-e-diz-que-e-um-salto-para-os-evangelicos","status":"publish","type":"post","link":"https:\/\/dgospel.com.br\/portal\/index.php\/2021\/12\/01\/andre-mendonca-e-aprovado-para-o-stf-e-diz-que-e-um-salto-para-os-evangelicos\/","title":{"rendered":"Andr\u00e9 Mendon\u00e7a \u00e9 aprovado para o STF e diz que \u00e9 \u201cum salto para os evang\u00e9licos\u201d"},"content":{"rendered":"\n<p>O ex-ministro da Justi\u00e7a e ex-advogado-geral da Uni\u00e3o,&nbsp;<strong><a href=\"https:\/\/folhagospel.com\/presidente-da-oab-critica-andre-mendonca-uma-vergonha-a-exploracao-da-religiao\/\" target=\"_blank\" rel=\"noreferrer noopener\">Andr\u00e9 Mendon\u00e7a<\/a><\/strong>, falou hoje ap\u00f3s o Senado aprovar sua indica\u00e7\u00e3o ao STF (Supremo Tribunal Federal). Com um tom de agradecimentos a Deus, o novo ministro da Corte disse que a decis\u00e3o representa \u201cum salto para os evang\u00e9licos\u201d.<\/p>\n\n\n\n<p>\u201cA primeira rea\u00e7\u00e3o foi dar gl\u00f3rias a Deus por essa vit\u00f3ria. \u00c9 um passo para um homem, mas na hist\u00f3ria dos evang\u00e9licos do Brasil \u00e9 um salto. Um passo para o homem, um salto para os evang\u00e9licos\u201d, disse.<\/p>\n\n\n\n<p>Mendon\u00e7a passou por uma sabatina de mais de oito horas na CCJ (Comiss\u00e3o de Constitui\u00e7\u00e3o e Justi\u00e7a) do Senado e foi aprovado por 18 votos a 9. Depois, recebeu 47 votos a favor e 32 contra no plen\u00e1rio da Casa. Como a vota\u00e7\u00e3o \u00e9 secreta, n\u00e3o \u00e9 poss\u00edvel saber como cada parlamentar se posicionou.<\/p>\n\n\n\n<p>Ele ser\u00e1 o segundo ministro da Corte indicado pelo presidente Jair Bolsonaro (PL). O primeiro foi Kassio Nunes Marques. Mendon\u00e7a s\u00f3 foi aprovado ap\u00f3s mais de quatro meses de espera, devido \u00e0 resist\u00eancia do senador Davi Alcolumbre (DEM-AP), presidente da CCJ, em agendar a sabatina, e disse que esse foi \u201cum processo longo, dif\u00edcil, mas de muito aprendizado\u201d.<\/p>\n\n\n\n<p>O futuro ministro deve tomar posse do cargo ainda neste ano e acabar com o desfalque no STF, que passou todo o semestre com 10 integrantes.<\/p>\n\n\n\n<p><strong>Sabatina tranquila na CCJ<\/strong><\/p>\n\n\n\n<p>Apesar do discurso com muitas refer\u00eancias \u00e0 religi\u00e3o, Mendon\u00e7a, que \u00e9 pastor, tentou se descolar da imagem de \u201c<strong><a href=\"https:\/\/folhagospel.com\/andre-mendonca-o-terrivelmente-evangelico-agradece-apoio-de-lideres-evangelicos-por-indicacao-ao-stf\/\" target=\"_blank\" rel=\"noreferrer noopener\">terrivelmente evang\u00e9lico<\/a><\/strong>\u201d com a qual foi indicado por Bolsonaro, durante a sabatina. Ele contrariou o presidente da Rep\u00fablica ao afirmar que n\u00e3o far\u00e1 ora\u00e7\u00f5es semanais no STF, como pediu Bolsonaro em outubro. O ex-ministro disse \u201cn\u00e3o haver espa\u00e7o\u201d para manifesta\u00e7\u00f5es religiosas durante as sess\u00f5es do tribunal.<\/p>\n\n\n\n<p>Al\u00e9m disso, na CCJ, ele defendeu a democracia e o garantismo penal, prometeu respeito a minorias e se comprometeu a defender o Estado laico: \u201cconsiderando discuss\u00f5es havidas em fun\u00e7\u00e3o de minha condi\u00e7\u00e3o religiosa, fa\u00e7o importante ressaltar minha defesa do Estado laico.\u201d<\/p>\n\n\n\n<p>\u201cNa vida, a B\u00edblia. No Supremo, a Constitui\u00e7\u00e3o\u201d, completou.<\/p>\n\n\n\n<p>Fonte: <a href=\"https:\/\/folhagospel.com\/author\/folhagospel\/\">Folha Gospel<\/a><\/p>\n\n\n\n<p> <\/p>\n\n\n\n<h1><\/h1>\n","protected":false},"excerpt":{"rendered":"<p>O ex-ministro da Justi\u00e7a e ex-advogado-geral da Uni\u00e3o,&nbsp;Andr\u00e9 Mendon\u00e7a, falou hoje ap\u00f3s o Senado aprovar sua indica\u00e7\u00e3o ao STF (Supremo Tribunal Federal). Com um tom de agradecimentos a Deus, o novo ministro da Corte disse que a decis\u00e3o representa \u201cum salto para os evang\u00e9licos\u201d. \u201cA primeira rea\u00e7\u00e3o foi dar gl\u00f3rias a Deus por essa vit\u00f3ria. [&hellip;]<\/p>\n","protected":false},"author":2,"featured_media":9957,"comment_status":"open","ping_status":"open","sticky":false,"template":"","format":"standard","meta":[],"categories":[4],"tags":[13,14],"_links":{"self":[{"href":"https:\/\/dgospel.com.br\/portal\/index.php\/wp-json\/wp\/v2\/posts\/9956"}],"collection":[{"href":"https:\/\/dgospel.com.br\/portal\/index.php\/wp-json\/wp\/v2\/posts"}],"about":[{"href":"https:\/\/dgospel.com.br\/portal\/index.php\/wp-json\/wp\/v2\/types\/post"}],"author":[{"embeddable":true,"href":"https:\/\/dgospel.com.br\/portal\/index.php\/wp-json\/wp\/v2\/users\/2"}],"replies":[{"embeddable":true,"href":"https:\/\/dgospel.com.br\/portal\/index.php\/wp-json\/wp\/v2\/comments?post=9956"}],"version-history":[{"count":1,"href":"https:\/\/dgospel.com.br\/portal\/index.php\/wp-json\/wp\/v2\/posts\/9956\/revisions"}],"predecessor-version":[{"id":9958,"href":"https:\/\/dgospel.com.br\/portal\/index.php\/wp-json\/wp\/v2\/posts\/9956\/revisions\/9958"}],"wp:featuredmedia":[{"embeddable":true,"href":"https:\/\/dgospel.com.br\/portal\/index.php\/wp-json\/wp\/v2\/media\/9957"}],"wp:attachment":[{"href":"https:\/\/dgospel.com.br\/portal\/index.php\/wp-json\/wp\/v2\/media?parent=9956"}],"wp:term":[{"taxonomy":"category","embeddable":true,"href":"https:\/\/dgospel.com.br\/portal\/index.php\/wp-json\/wp\/v2\/categories?post=9956"},{"taxonomy":"post_tag","embeddable":true,"href":"https:\/\/dgospel.com.br\/portal\/index.php\/wp-json\/wp\/v2\/tags?post=9956"}],"curies":[{"name":"wp","href":"https:\/\/api.w.org\/{rel}","templated":true}]}}