{"id":9962,"date":"2021-12-02T16:04:12","date_gmt":"2021-12-02T19:04:12","guid":{"rendered":"http:\/\/dgospel.com.br\/portal\/?p=9962"},"modified":"2021-12-02T16:04:12","modified_gmt":"2021-12-02T19:04:12","slug":"casa-a-promove-dia-de-luta-pela-vida-com-apoio-de-rubens-uchoa","status":"publish","type":"post","link":"https:\/\/dgospel.com.br\/portal\/index.php\/2021\/12\/02\/casa-a-promove-dia-de-luta-pela-vida-com-apoio-de-rubens-uchoa\/","title":{"rendered":"Casa A+ promove dia de luta pela vida com apoio de Rubens Uch\u00f4a"},"content":{"rendered":"\n<p>Na manh\u00e3 da \u00faltima quarta-feira, 01 de dezembro, dia mundial de luta contra o HIV\/AIDS, a casa A+ promoveu um evento com apoio de entidades e do vice-presidente da C\u00e2mara Municipal de Palmas Rubens Uch\u00f4a.&nbsp;<\/p>\n\n\n\n<p>O vice-presidente, em sua fala, pontuou in\u00fameros assuntos relevantes e enalteceu seu jornalista Wemerson Lima, que apresentou o projeto Casa A+ o qual ele \u00e9 membro volunt\u00e1rio, parabenizou o Senhor Reverendo Magela coordenador do projeto casa A+.<\/p>\n\n\n\n<p>O vereador fez uma fala contra o preconceito e externou que \u201cEstou a disposi\u00e7\u00e3o de todos, sou crist\u00e3o e defendo o amor, a fam\u00edlia e os princ\u00edpios legais, sem preconceitos ou tratamento desumano e degradante, respeitando o direito \u00e0 vida e as garantias do acesso \u00e0 sa\u00fade\u201d.&nbsp;<\/p>\n\n\n\n<p>Continuou afirmando que est\u00e1 \u00e0 disposi\u00e7\u00e3o do projeto e que todo o seu mandato ser\u00e1 em prol de auxiliar nas quest\u00f5es de direito e legislar em benef\u00edcio dos necessitados.&nbsp;<\/p>\n\n\n\n<p>Ainda no evento, houve a formatura das participantes do programa empodera+.&nbsp;<\/p>\n\n\n\n<p>No evento ocorrido no audit\u00f3rio da OAB\/TO seccional de Palmas, teve a participa\u00e7\u00e3o das autoridades:<\/p>\n\n\n\n<ul><li>Mauricio Andrade \u2013 Bispo da Diocese Anglicana de Bras\u00edlia<\/li><li>Magda Guedes \u2013 Bispa e Secret\u00e1ria Geral da Igreja Episcopal Anglicana do Brasil<\/li><li>Rubens Uch\u00f4a, Veredador vice-presidente da C\u00e2mara de Palmas<\/li><li>Dr Landri Neto, Advogado Presidente da comiss\u00e3o da Diversidade Sexual da OAB\/TO Ordem dos Advogados do Brasil<\/li><li>Dra Alessandra &#8211; Presidente do IBDFAM &#8211; instituto de Direito de Fam\u00edlia -TO<\/li><li>Reverenda Dilce \u2013 Coordenadora do Servi\u00e7o Anglicano de Diaconisa e Desenvolvimento \u2013 SADD.<\/li><li>Sra. Sandra Andrade<\/li><li>Vice-presidente da Associa\u00e7\u00e3o Asas do Cerrado.<\/li><li>Sra. M\u00e1rcia &#8211; Ger\u00eancia DST\/Aids e Hepatites Virais<\/li><li>Sra. Gin\u00e3 Brasileira *- Coordenadora do Henfil de Palmas<\/li><li>Regina Barbosa Sousa Almeida \u2013 Representante Estadual do Movimento das Cidad\u00e3s Positivas<\/li><li>Rafaela Mahare &#8211; ATRATO Associa\u00e7ao dos Travestis e Transexuais do Estado do Tocantins<\/li><li>Coletivo Somos \u2013 Mandato coletivo em Palmas \u2013 TO<\/li><li>Sra. Valtonia &#8211; Superintendente de Direitos Humanos da Prefeitura de Palmas.&nbsp;<\/li><\/ul>\n\n\n\n<p>A casa A + agradece a todos os participantes e reafirma o compromisso de luta pela vida e tamb\u00e9m falou da agenda do m\u00eas de Dezembro de Luta Pela Vida.<\/p>\n\n\n\n<p>Fonte: primeirapagina.to<\/p>\n","protected":false},"excerpt":{"rendered":"<p>Na manh\u00e3 da \u00faltima quarta-feira, 01 de dezembro, dia mundial de luta contra o HIV\/AIDS, a casa A+ promoveu um evento com apoio de entidades e do vice-presidente da C\u00e2mara Municipal de Palmas Rubens Uch\u00f4a.&nbsp; O vice-presidente, em sua fala, pontuou in\u00fameros assuntos relevantes e enalteceu seu jornalista Wemerson Lima, que apresentou o projeto Casa [&hellip;]<\/p>\n","protected":false},"author":2,"featured_media":9963,"comment_status":"open","ping_status":"open","sticky":false,"template":"","format":"standard","meta":[],"categories":[8],"tags":[],"_links":{"self":[{"href":"https:\/\/dgospel.com.br\/portal\/index.php\/wp-json\/wp\/v2\/posts\/9962"}],"collection":[{"href":"https:\/\/dgospel.com.br\/portal\/index.php\/wp-json\/wp\/v2\/posts"}],"about":[{"href":"https:\/\/dgospel.com.br\/portal\/index.php\/wp-json\/wp\/v2\/types\/post"}],"author":[{"embeddable":true,"href":"https:\/\/dgospel.com.br\/portal\/index.php\/wp-json\/wp\/v2\/users\/2"}],"replies":[{"embeddable":true,"href":"https:\/\/dgospel.com.br\/portal\/index.php\/wp-json\/wp\/v2\/comments?post=9962"}],"version-history":[{"count":1,"href":"https:\/\/dgospel.com.br\/portal\/index.php\/wp-json\/wp\/v2\/posts\/9962\/revisions"}],"predecessor-version":[{"id":9964,"href":"https:\/\/dgospel.com.br\/portal\/index.php\/wp-json\/wp\/v2\/posts\/9962\/revisions\/9964"}],"wp:featuredmedia":[{"embeddable":true,"href":"https:\/\/dgospel.com.br\/portal\/index.php\/wp-json\/wp\/v2\/media\/9963"}],"wp:attachment":[{"href":"https:\/\/dgospel.com.br\/portal\/index.php\/wp-json\/wp\/v2\/media?parent=9962"}],"wp:term":[{"taxonomy":"category","embeddable":true,"href":"https:\/\/dgospel.com.br\/portal\/index.php\/wp-json\/wp\/v2\/categories?post=9962"},{"taxonomy":"post_tag","embeddable":true,"href":"https:\/\/dgospel.com.br\/portal\/index.php\/wp-json\/wp\/v2\/tags?post=9962"}],"curies":[{"name":"wp","href":"https:\/\/api.w.org\/{rel}","templated":true}]}}