{"id":9968,"date":"2021-12-03T10:55:21","date_gmt":"2021-12-03T13:55:21","guid":{"rendered":"http:\/\/dgospel.com.br\/portal\/?p=9968"},"modified":"2021-12-03T10:55:23","modified_gmt":"2021-12-03T13:55:23","slug":"bolsonaro-assina-nomeacao-e-mendonca-ja-e-ministro-do-stf","status":"publish","type":"post","link":"https:\/\/dgospel.com.br\/portal\/index.php\/2021\/12\/03\/bolsonaro-assina-nomeacao-e-mendonca-ja-e-ministro-do-stf\/","title":{"rendered":"Bolsonaro assina nomea\u00e7\u00e3o e Mendon\u00e7a j\u00e1 \u00e9 ministro do STF"},"content":{"rendered":"\n<p> Nesta quinta-feira (2), o presidente Jair Bolsonaro assinou a nomea\u00e7\u00e3o de Andr\u00e9 Mendon\u00e7a para o Supremo Tribunal Federal (STF). O documento foi assinado por Bolsonaro ao lado de Mendon\u00e7a e ao lado do vice-presidente, Hamilton Mour\u00e3o. <\/p>\n\n\n\n<p> ndr\u00e9 Mendon\u00e7a foi aprovado pelo Senado nesta quarta-feira (1\u00ba), com 47 votos a favor e 32 votos contra. A previs\u00e3o \u00e9 de que ele tome posse no STF no dia 16 de dezembro. <\/p>\n\n\n\n<p>Ao comentar a aprova\u00e7\u00e3o, Bolsonaro lembrou que cumpriu sua promessa eleitoral de \u201ccolocar um evang\u00e9lico\u201d no STF.<\/p>\n\n\n\n<p>\u2013 Agradecemos aos senadores que votaram favoravelmente ao nome de Andr\u00e9 para o STF. E agora estamos aqui nomeando o Andr\u00e9 para o Supremo. E j\u00e1 temos data marcada a posse, conforme conversamos com o ministro Fux. Ser\u00e1 dia 16 (\u2026) E temos agora, conforme compromisso nosso, de colocar um evang\u00e9lico. Obviamente com conhecimento e saber jur\u00eddico (\u2026) Desejamos que o Andr\u00e9, ao tomar posse, seja muito feliz (\u2026) e que venha defender a nossa democracia, a nossa Constitui\u00e7\u00e3o e tamb\u00e9m a nossa liberdade. Ent\u00e3o Deus ilumine o Andr\u00e9 nessa miss\u00e3o que ele tem pela frente \u2013 destacou.<\/p>\n\n\n\n<p>O v\u00eddeo do momento foi compartilhado pela deputada Carla Zambelli (PSL-SP) em suas redes sociais.<\/p>\n\n\n\n<figure class=\"wp-block-embed-twitter wp-block-embed is-type-rich is-provider-twitter\"><div class=\"wp-block-embed__wrapper\">\n<blockquote class=\"twitter-tweet\" data-width=\"550\" data-dnt=\"true\"><p lang=\"pt\" dir=\"ltr\">ASSINADA!<a href=\"https:\/\/twitter.com\/AmendoncaAGU?ref_src=twsrc%5Etfw\">@AmendoncaAGU<\/a> j\u00e1 \u00e9 o novo ministro do STF!<br><br>Sua posse foi marcada para a quinta-feira, dia 16\/12. <a href=\"https:\/\/t.co\/ynffsWabPJ\">pic.twitter.com\/ynffsWabPJ<\/a><\/p>&mdash; Carla Zambelli (@CarlaZambelli38) <a href=\"https:\/\/twitter.com\/CarlaZambelli38\/status\/1466503441392541698?ref_src=twsrc%5Etfw\">December 2, 2021<\/a><\/blockquote><script async src=\"https:\/\/platform.twitter.com\/widgets.js\" charset=\"utf-8\"><\/script>\n<\/div><\/figure>\n","protected":false},"excerpt":{"rendered":"<p>Nesta quinta-feira (2), o presidente Jair Bolsonaro assinou a nomea\u00e7\u00e3o de Andr\u00e9 Mendon\u00e7a para o Supremo Tribunal Federal (STF). O documento foi assinado por Bolsonaro ao lado de Mendon\u00e7a e ao lado do vice-presidente, Hamilton Mour\u00e3o. ndr\u00e9 Mendon\u00e7a foi aprovado pelo Senado nesta quarta-feira (1\u00ba), com 47 votos a favor e 32 votos contra. A [&hellip;]<\/p>\n","protected":false},"author":2,"featured_media":9969,"comment_status":"open","ping_status":"open","sticky":false,"template":"","format":"standard","meta":[],"categories":[4],"tags":[14],"_links":{"self":[{"href":"https:\/\/dgospel.com.br\/portal\/index.php\/wp-json\/wp\/v2\/posts\/9968"}],"collection":[{"href":"https:\/\/dgospel.com.br\/portal\/index.php\/wp-json\/wp\/v2\/posts"}],"about":[{"href":"https:\/\/dgospel.com.br\/portal\/index.php\/wp-json\/wp\/v2\/types\/post"}],"author":[{"embeddable":true,"href":"https:\/\/dgospel.com.br\/portal\/index.php\/wp-json\/wp\/v2\/users\/2"}],"replies":[{"embeddable":true,"href":"https:\/\/dgospel.com.br\/portal\/index.php\/wp-json\/wp\/v2\/comments?post=9968"}],"version-history":[{"count":1,"href":"https:\/\/dgospel.com.br\/portal\/index.php\/wp-json\/wp\/v2\/posts\/9968\/revisions"}],"predecessor-version":[{"id":9970,"href":"https:\/\/dgospel.com.br\/portal\/index.php\/wp-json\/wp\/v2\/posts\/9968\/revisions\/9970"}],"wp:featuredmedia":[{"embeddable":true,"href":"https:\/\/dgospel.com.br\/portal\/index.php\/wp-json\/wp\/v2\/media\/9969"}],"wp:attachment":[{"href":"https:\/\/dgospel.com.br\/portal\/index.php\/wp-json\/wp\/v2\/media?parent=9968"}],"wp:term":[{"taxonomy":"category","embeddable":true,"href":"https:\/\/dgospel.com.br\/portal\/index.php\/wp-json\/wp\/v2\/categories?post=9968"},{"taxonomy":"post_tag","embeddable":true,"href":"https:\/\/dgospel.com.br\/portal\/index.php\/wp-json\/wp\/v2\/tags?post=9968"}],"curies":[{"name":"wp","href":"https:\/\/api.w.org\/{rel}","templated":true}]}}