{"id":9971,"date":"2021-12-06T09:11:23","date_gmt":"2021-12-06T12:11:23","guid":{"rendered":"http:\/\/dgospel.com.br\/portal\/?p=9971"},"modified":"2021-12-06T09:11:24","modified_gmt":"2021-12-06T12:11:24","slug":"nao-ha-motivo-para-panico-diz-oms-sobre-variante-omicron-do-novo-coronavirus","status":"publish","type":"post","link":"https:\/\/dgospel.com.br\/portal\/index.php\/2021\/12\/06\/nao-ha-motivo-para-panico-diz-oms-sobre-variante-omicron-do-novo-coronavirus\/","title":{"rendered":"N\u00e3o h\u00e1 motivo para p\u00e2nico, diz OMS sobre variante \u00d4micron do novo coronav\u00edrus"},"content":{"rendered":"\n<p>Embora as evid\u00eancias cient\u00edficas at\u00e9 o momento apontem que \u00e9 mais transmiss\u00edvel, a nova variante \u00d4micron do coronav\u00edrus n\u00e3o deve ser motivo de p\u00e2nico, afirmou Soumya Swaminathan, cientista-chefe da Organiza\u00e7\u00e3o Mundial da Sa\u00fade (OMS), nesta sexta-feira (3).&nbsp;<\/p>\n\n\n\n<p>Identificada primeiramente na \u00c1frica do Sul, a \u00d4micron j\u00e1 est\u00e1 presente em mais de 20 pa\u00edses, de acordo com a OMS, que classificou a cepa como \u201cvariante de preocupa\u00e7\u00e3o\u201d. O que j\u00e1 se sabe sobre a variante, diz a infectologista Ana Helena Germoglio, \u00e9 que a \u00d4micron possui um alto n\u00famero de muta\u00e7\u00f5es, sendo que a maioria dessas modifica\u00e7\u00f5es ocorre na prote\u00edna spike do coronav\u00edrus. Essa parte do v\u00edrus \u00e9 a que se conecta \u00e0 c\u00e9lula humana para iniciar a infec\u00e7\u00e3o, e na qual as tecnologias de produ\u00e7\u00e3o de algumas vacinas se baseiam, caso da Pfizer, por exemplo.&nbsp;<\/p>\n\n\n\n<p>\u201cAparentemente, essa quantidade de muta\u00e7\u00e3o que ela tem confere uma maior transmissibilidade, inclusive mais do que a Delta. A grande d\u00favida que a gente tem \u00e9 saber se ela confere maior risco de evento grave, de interna\u00e7\u00e3o e de \u00f3bito. Aparentemente, n\u00e3o\u201d, diz a infectologista, ressaltando que ainda \u00e9 cedo para qualquer tipo de certeza.&nbsp;<\/p>\n\n\n\n<p>At\u00e9 agora, n\u00e3o h\u00e1 registro de nenhuma morte no mundo em decorr\u00eancia da nova variante. No Brasil, o Minist\u00e9rio da Sa\u00fade confirma cinco casos: tr\u00eas em S\u00e3o Paulo e dois no Distrito Federal. Por isso, as autoridades de sa\u00fade pedem calma. \u201cA gente precisa ter respeito. As outras medidas continuam sendo efetivas da mesma forma. A gente est\u00e1 vendo alguns hospitais com aumento de demanda, talvez seja justamente pelo p\u00e2nico da popula\u00e7\u00e3o. E agora n\u00e3o faz sentido a gente criar p\u00e2nico\u201d, garante a infectologista.&nbsp;<\/p>\n\n\n\n<p>Em resposta \u00e0 chegada da variante ao Brasil, o Minist\u00e9rio da Sa\u00fade montou uma sala para monitorar o cen\u00e1rio epidemiol\u00f3gico e planejar as medidas para conter o avan\u00e7o da \u00d4micron. Al\u00e9m dos tr\u00eas casos confirmados, a pasta afirma que oito ocorr\u00eancias est\u00e3o sob investiga\u00e7\u00e3o, sendo uma em Minas Gerais, uma no Rio de Janeiro e seis no DF.&nbsp;<\/p>\n\n\n\n<p>Em coletiva nesta quinta-feira (2), o secret\u00e1rio de Vigil\u00e2ncia em Sa\u00fade, Arnaldo Medeiros, afirmou que o \u00f3rg\u00e3o tem acompanhado a variante de perto. \u201cN\u00f3s temos refor\u00e7ado cada vez mais o aumento da vigil\u00e2ncia gen\u00f4mica, que \u00e9 extremamente importante como instrumento para o monitoramento do padr\u00e3o da circula\u00e7\u00e3o das variantes. N\u00f3s j\u00e1 adquirimos sequenciadores gen\u00e9ticos para todos os estados do pa\u00eds. Esse \u00e9 um dos exemplos do esfor\u00e7o do nosso minist\u00e9rio para aumentarmos a vigil\u00e2ncia gen\u00f4mica\u201d, afirmou.<br>\n&nbsp;<br>\n\u00c9 por meio do sequenciamento gen\u00f4mico que as autoridades de sa\u00fade conseguem descobrir quais variantes do novo coronav\u00edrus est\u00e3o em circula\u00e7\u00e3o no pa\u00eds, incluindo aquelas que amea\u00e7am se espalhar, e tomar medidas a partir dessas informa\u00e7\u00f5es.&nbsp;<\/p>\n\n\n\n<p>A assessoria de imprensa do Minist\u00e9rio da Sa\u00fade informou que a partir desta sexta vai atualizar a situa\u00e7\u00e3o da \u00d4micron no Brasil junto ao informativo tradicional de casos e \u00f3bitos por Covid-19.&nbsp;<\/p>\n","protected":false},"excerpt":{"rendered":"<p>Embora as evid\u00eancias cient\u00edficas at\u00e9 o momento apontem que \u00e9 mais transmiss\u00edvel, a nova variante \u00d4micron do coronav\u00edrus n\u00e3o deve ser motivo de p\u00e2nico, afirmou Soumya Swaminathan, cientista-chefe da Organiza\u00e7\u00e3o Mundial da Sa\u00fade (OMS), nesta sexta-feira (3).&nbsp; Identificada primeiramente na \u00c1frica do Sul, a \u00d4micron j\u00e1 est\u00e1 presente em mais de 20 pa\u00edses, de acordo [&hellip;]<\/p>\n","protected":false},"author":2,"featured_media":9972,"comment_status":"open","ping_status":"open","sticky":false,"template":"","format":"standard","meta":[],"categories":[4],"tags":[],"_links":{"self":[{"href":"https:\/\/dgospel.com.br\/portal\/index.php\/wp-json\/wp\/v2\/posts\/9971"}],"collection":[{"href":"https:\/\/dgospel.com.br\/portal\/index.php\/wp-json\/wp\/v2\/posts"}],"about":[{"href":"https:\/\/dgospel.com.br\/portal\/index.php\/wp-json\/wp\/v2\/types\/post"}],"author":[{"embeddable":true,"href":"https:\/\/dgospel.com.br\/portal\/index.php\/wp-json\/wp\/v2\/users\/2"}],"replies":[{"embeddable":true,"href":"https:\/\/dgospel.com.br\/portal\/index.php\/wp-json\/wp\/v2\/comments?post=9971"}],"version-history":[{"count":1,"href":"https:\/\/dgospel.com.br\/portal\/index.php\/wp-json\/wp\/v2\/posts\/9971\/revisions"}],"predecessor-version":[{"id":9973,"href":"https:\/\/dgospel.com.br\/portal\/index.php\/wp-json\/wp\/v2\/posts\/9971\/revisions\/9973"}],"wp:featuredmedia":[{"embeddable":true,"href":"https:\/\/dgospel.com.br\/portal\/index.php\/wp-json\/wp\/v2\/media\/9972"}],"wp:attachment":[{"href":"https:\/\/dgospel.com.br\/portal\/index.php\/wp-json\/wp\/v2\/media?parent=9971"}],"wp:term":[{"taxonomy":"category","embeddable":true,"href":"https:\/\/dgospel.com.br\/portal\/index.php\/wp-json\/wp\/v2\/categories?post=9971"},{"taxonomy":"post_tag","embeddable":true,"href":"https:\/\/dgospel.com.br\/portal\/index.php\/wp-json\/wp\/v2\/tags?post=9971"}],"curies":[{"name":"wp","href":"https:\/\/api.w.org\/{rel}","templated":true}]}}