{"id":9980,"date":"2021-12-07T09:48:45","date_gmt":"2021-12-07T12:48:45","guid":{"rendered":"http:\/\/dgospel.com.br\/portal\/?p=9980"},"modified":"2021-12-07T09:48:45","modified_gmt":"2021-12-07T12:48:45","slug":"pregou-a-palavra-de-deus-diz-tribunal-ao-extinguir-acao-de-homofobia-contra-a-pastora-karla-cordeiro","status":"publish","type":"post","link":"https:\/\/dgospel.com.br\/portal\/index.php\/2021\/12\/07\/pregou-a-palavra-de-deus-diz-tribunal-ao-extinguir-acao-de-homofobia-contra-a-pastora-karla-cordeiro\/","title":{"rendered":"\u201cPregou a palavra de Deus\u201d, diz tribunal ao extinguir a\u00e7\u00e3o de homofobia contra a pastora Karla Cordeiro"},"content":{"rendered":"\n<p>Por unanimidade, o Tribunal de Justi\u00e7a do Rio de Janeiro (TJRJ) extinguiu na quinta-feira (2) uma a\u00e7\u00e3o contra a pastora Karla Cordeiro, que foi denunciada por ter proferido&nbsp;<a href=\"https:\/\/www.guiame.com.br\/gospel\/noticias\/pastor-e-denunciado-ao-mp-por-usar-termo-homossexualismo-em-pregacao.html\"><strong>discurso<\/strong><\/a>&nbsp;racista e homof\u00f3bico.<\/p>\n\n\n\n<p>A pastora \u201cest\u00e1 amparada pelo exerc\u00edcio regular do direito que \u00e9 a liberdade de culto religioso e de cren\u00e7a, assegurados pela Constitui\u00e7\u00e3o da Rep\u00fablica\u201d, concluiu o desembargador Paulo Rangel, relator do habeas corpus e que tamb\u00e9m \u00e9 um homem negro.<\/p>\n\n\n\n<p>A den\u00fancia foi feita com base em uma prega\u00e7\u00e3o de Karla Cordeiro na Igreja Sara Nossa Terra de Nova Friburgo, na Regi\u00e3o Serrana do Rio. Em agosto, o v\u00eddeo circulou nas redes sociais e na imprensa.<\/p>\n\n\n\n<p>\u201c\u00c9 um absurdo pessoas crist\u00e3s levantando bandeiras pol\u00edticas, bandeiras de pessoas pretas, bandeiras de&nbsp;<a href=\"https:\/\/www.guiame.com.br\/gospel\/noticias\/pastor-e-indiciado-por-dizer-que-se-opoe-pautas-lgbt-e-progressistas-nas-eleicoes.html\"><strong>LGBTQIA+<\/strong><\/a>, sei l\u00e1 quantos s\u00edmbolos tem isso a\u00ed. \u00c9 uma vergonha, desculpa falar, mas chega de mentiras, eu n\u00e3o vou viver mais de mentiras. \u00c9 uma vergonha. A nossa bandeira \u00e9 Jeov\u00e1 Nissi. \u00c9 Jesus Cristo. Ele \u00e9 a nossa bandeira\u201d, disse a pastora. \u201cPara de querer ficar postando coisa de gente preta, de gay, para! Posta palavra de Deus que transforma vidas. Vira crente, se transforma, se converta!\u201d, acrescentou.<\/p>\n\n\n\n<p>O serm\u00e3o de Karla Cordeiro acabou virando alvo de inqu\u00e9rito policial, e, posteriormente, de uma den\u00fancia do Minist\u00e9rio P\u00fablico por racismo e homofobia.<\/p>\n\n\n\n<p>Na \u00e9poca, a pregadora fez uma nota de retrata\u00e7\u00e3o, esclarecendo que foi infeliz na escolha de suas palavras.<\/p>\n\n\n\n<p>\u201cA minha inten\u00e7\u00e3o era de afirmar a necessidade de focarmos em Jesus Cristo e reproduzirmos seus ensinamentos, amando os necessitados e os carentes. Principalmente as pessoas que est\u00e3o sofrendo tanto na pandemia. Fui descuidada na forma que falei e estou aqui pedindo desculpas\u201d, disse Karla.<\/p>\n\n\n\n<p><strong>\u2018Tudo virou crime\u2019<\/strong><\/p>\n\n\n\n<p>Por unanimidade, desembargadores da 3\u00aa C\u00e2mara Criminal do TJRJ julgaram procedente o pedido de extinguir o processo, amparados pela liberdade de culto e de express\u00e3o.<\/p>\n\n\n\n<p>\u201cA paciente pregou a palavra de Deus com base no livro Santo e Sagrado de todos os Crist\u00e3os: a B\u00edblia. (\u2026) N\u00e3o comete crime quem, em pleno exerc\u00edcio de sua religi\u00e3o, clama pelos ensinamentos de Cristo, sem ofensa a qualquer minoria. O que se quer \u00e9 obrigar a paciente a rasgar a B\u00edblia e a aceitar o homossexualismo\u201d, declarou o desembargador.<\/p>\n\n\n\n<p>O magistrado defendeu que \u201ca pr\u00e1tica do homossexualismo e demais atos citados na passagem B\u00edblica e tidos como pecados n\u00e3o s\u00e3o inventados pela pastora. (\u2026) Querer que ela defenda algo diferente do que est\u00e1 na B\u00edblia \u00e9 cercear a liberdade de culto dela\u201d.<\/p>\n\n\n\n<p>Segundo o jornal O Globo, Rangel abriu seu voto com a can\u00e7\u00e3o &#8220;Recado&#8221;, de Gonzaguinha e citou a frase: \u201cLiberdade virou pris\u00e3o\u201d.&nbsp;<\/p>\n\n\n\n<p>O desembargador observou ainda que atualmente tudo \u00e9 considerado crime e que o Direito Penal se tornou \u201cinstrumento de manipula\u00e7\u00e3o social e n\u00e3o de seguran\u00e7a jur\u00eddica\u201d.<\/p>\n\n\n\n<p>\u201cO problema \u00e9 que hoje tudo \u00e9 crime. A pessoa tem uma opini\u00e3o que n\u00e3o \u00e9 politicamente correta, pronto: j\u00e1 \u00e9 considerada criminosa. Opini\u00e3o passou a ser crime. Lament\u00e1vel. Hoje humoristas como Paulo Silvino que tinha o bord\u00e3o \u2018Isto \u00e9 uma bichona\u2019, Tom Cavalcante que encarnava o \u2018Pit Bicha\u2019, o memor\u00e1vel e inesquec\u00edvel Chico An\u00edsio que dentre centenas de personagens encarnava a \u2018Salom\u00e9\u2019, \u2018Os Trapalh\u00f5es\u2019 (Ded\u00e9, Didi, Mussum e Zacarias) que se dirigiam ao querid\u00edssimo e inesquec\u00edvel Mussum como crioulo, dentre outros, seriam presos na porta do est\u00fadio de grava\u00e7\u00e3o e denunciados pelo Minist\u00e9rio P\u00fablico\u201d, escreveu no relat\u00f3rio.<\/p>\n","protected":false},"excerpt":{"rendered":"<p>Por unanimidade, o Tribunal de Justi\u00e7a do Rio de Janeiro (TJRJ) extinguiu na quinta-feira (2) uma a\u00e7\u00e3o contra a pastora Karla Cordeiro, que foi denunciada por ter proferido&nbsp;discurso&nbsp;racista e homof\u00f3bico. A pastora \u201cest\u00e1 amparada pelo exerc\u00edcio regular do direito que \u00e9 a liberdade de culto religioso e de cren\u00e7a, assegurados pela Constitui\u00e7\u00e3o da Rep\u00fablica\u201d, concluiu [&hellip;]<\/p>\n","protected":false},"author":2,"featured_media":9981,"comment_status":"open","ping_status":"open","sticky":false,"template":"","format":"standard","meta":[],"categories":[5],"tags":[13],"_links":{"self":[{"href":"https:\/\/dgospel.com.br\/portal\/index.php\/wp-json\/wp\/v2\/posts\/9980"}],"collection":[{"href":"https:\/\/dgospel.com.br\/portal\/index.php\/wp-json\/wp\/v2\/posts"}],"about":[{"href":"https:\/\/dgospel.com.br\/portal\/index.php\/wp-json\/wp\/v2\/types\/post"}],"author":[{"embeddable":true,"href":"https:\/\/dgospel.com.br\/portal\/index.php\/wp-json\/wp\/v2\/users\/2"}],"replies":[{"embeddable":true,"href":"https:\/\/dgospel.com.br\/portal\/index.php\/wp-json\/wp\/v2\/comments?post=9980"}],"version-history":[{"count":1,"href":"https:\/\/dgospel.com.br\/portal\/index.php\/wp-json\/wp\/v2\/posts\/9980\/revisions"}],"predecessor-version":[{"id":9982,"href":"https:\/\/dgospel.com.br\/portal\/index.php\/wp-json\/wp\/v2\/posts\/9980\/revisions\/9982"}],"wp:featuredmedia":[{"embeddable":true,"href":"https:\/\/dgospel.com.br\/portal\/index.php\/wp-json\/wp\/v2\/media\/9981"}],"wp:attachment":[{"href":"https:\/\/dgospel.com.br\/portal\/index.php\/wp-json\/wp\/v2\/media?parent=9980"}],"wp:term":[{"taxonomy":"category","embeddable":true,"href":"https:\/\/dgospel.com.br\/portal\/index.php\/wp-json\/wp\/v2\/categories?post=9980"},{"taxonomy":"post_tag","embeddable":true,"href":"https:\/\/dgospel.com.br\/portal\/index.php\/wp-json\/wp\/v2\/tags?post=9980"}],"curies":[{"name":"wp","href":"https:\/\/api.w.org\/{rel}","templated":true}]}}