{"id":9983,"date":"2021-12-07T10:10:44","date_gmt":"2021-12-07T13:10:44","guid":{"rendered":"http:\/\/dgospel.com.br\/portal\/?p=9983"},"modified":"2021-12-07T10:10:45","modified_gmt":"2021-12-07T13:10:45","slug":"intolerancia-religiosa-rebate-michelle-apos-ser-alvo-de-piadas","status":"publish","type":"post","link":"https:\/\/dgospel.com.br\/portal\/index.php\/2021\/12\/07\/intolerancia-religiosa-rebate-michelle-apos-ser-alvo-de-piadas\/","title":{"rendered":"\u201cIntoler\u00e2ncia religiosa\u201d, rebate Michelle ap\u00f3s ser alvo de piadas"},"content":{"rendered":"\n<p>Nesta segunda-feira (6), a primeira-dama Michelle Bolsonaro rebateu as cr\u00edticas e piadas das quais foi alvo ap\u00f3s repercuss\u00e3o de um v\u00eddeo em que ela aparece comemorando a aprova\u00e7\u00e3o de Andr\u00e9 Mendon\u00e7a para a vaga de ministro do Supremo Tribunal Federal (STF).<\/p>\n\n\n\n<p>No v\u00eddeo, gravado na casa do senador evang\u00e9lico Luiz do Carmo, Michelle aparece ao lado de Mendon\u00e7a e de outros aliados pol\u00edticos assistindo ao an\u00fancio dos votos que o indicado ao STF recebeu dos senadores. Ap\u00f3s o an\u00fancio da aprova\u00e7\u00e3o, a primeira-dama glorifica a Deus, pula e fala em l\u00ednguas estranhas pouco antes de fazer uma ora\u00e7\u00e3o de agradecimento.<\/p>\n\n\n\n<figure class=\"wp-block-embed-twitter wp-block-embed is-type-rich is-provider-twitter\"><div class=\"wp-block-embed__wrapper\">\n<blockquote class=\"twitter-tweet\" data-width=\"550\" data-dnt=\"true\"><p lang=\"pt\" dir=\"ltr\">Os evang\u00e9licos s\u00e3o mais de 30% da popula\u00e7\u00e3o brasileira, mas a esquerda n\u00e3o aceita que sejam nem 9% dos ministros do STF.<br><br>Lembrem-se de cada uma dessas declara\u00e7\u00f5es preconceituosas quando um esquerdista vier pedir votos.<br><br>A Primeira-Dama Michelle Bolsonaro comemorou foi pouco. \ud83d\ude09 <a href=\"https:\/\/t.co\/k8X03Frayt\">pic.twitter.com\/k8X03Frayt<\/a><\/p>&mdash; Carla Zambelli (@CarlaZambelli38) <a href=\"https:\/\/twitter.com\/CarlaZambelli38\/status\/1467253874079711242?ref_src=twsrc%5Etfw\">December 4, 2021<\/a><\/blockquote><script async src=\"https:\/\/platform.twitter.com\/widgets.js\" charset=\"utf-8\"><\/script>\n<\/div><\/figure>\n\n\n\n<p>Com a divulga\u00e7\u00e3o do v\u00eddeo, uma s\u00e9rie de coment\u00e1rios depreciativos tendo Michelle como foco surgiram nas redes sociais.<\/p>\n\n\n\n<p>Em sua contra no Instagram, ela publicou a manchete de uma mat\u00e9ria do jornal O Globo intitulada&nbsp;<em>Michelle Bolsonaro vira chacota na web ap\u00f3s comemorar aprova\u00e7\u00e3o de Mendon\u00e7a<\/em>&nbsp;e disse que ela iria usar a B\u00edblia para \u201cresponder \u00e0 intoler\u00e2ncia religiosa e ao desamor de muitos a meu respeito, por celebrar a vit\u00f3ria do meu irm\u00e3o em Cristo Andr\u00e9 Mendon\u00e7a\u201d.<\/p>\n\n\n\n<p>O vers\u00edculo usado pela primeira-dama est\u00e1 em 1 Cor\u00edntios 2:14: \u201cOra, o homem natural n\u00e3o compreende as coisas do esp\u00edrito de Deus, porque lhe parecem loucura; e n\u00e3o pode entend\u00ea-las, porque elas se discernem espiritualmente\u201d.<\/p>\n\n\n\n<figure class=\"wp-block-image\"><img src=\"https:\/\/static.cdn.pleno.news\/2021\/12\/262411283_486366362709981_7687203490161410096_n.jpg\" alt=\"Comemora\u00e7\u00e3o da aprova\u00e7\u00e3o de Andr\u00e9 Mendon\u00e7a\"\/><figcaption>Comemora\u00e7\u00e3o da aprova\u00e7\u00e3o de Andr\u00e9 Mendon\u00e7a&nbsp;\/ Foto: Instagram Michelle Bolsonaro<\/figcaption><\/figure>\n\n\n\n<figure class=\"wp-block-image\"><img src=\"https:\/\/static.cdn.pleno.news\/2021\/12\/263177536_419325616498925_8844188023411950949_n.jpg\" alt=\"Comemora\u00e7\u00e3o da aprova\u00e7\u00e3o de Andr\u00e9 Mendon\u00e7a\"\/><figcaption>Comemora\u00e7\u00e3o da aprova\u00e7\u00e3o de Andr\u00e9 Mendon\u00e7a&nbsp;\/ Foto: Instagram Michelle Bolsonaro<\/figcaption><\/figure>\n\n\n\n<figure class=\"wp-block-image\"><img src=\"https:\/\/static.cdn.pleno.news\/2021\/12\/262363365_202118962084697_182230470813224915_n.jpg\" alt=\"Comemora\u00e7\u00e3o da aprova\u00e7\u00e3o de Andr\u00e9 Mendon\u00e7a\"\/><figcaption>Comemora\u00e7\u00e3o da aprova\u00e7\u00e3o de Andr\u00e9 Mendon\u00e7a&nbsp;\/ Foto: Instagram Michelle Bolsonaro<\/figcaption><\/figure>\n\n\n\n<figure class=\"wp-block-image\"><img src=\"https:\/\/static.cdn.pleno.news\/2021\/12\/262774561_593223531913481_1798841900670334827_n.jpg\" alt=\"Comemora\u00e7\u00e3o da aprova\u00e7\u00e3o de Andr\u00e9 Mendon\u00e7a\"\/><figcaption>Comemora\u00e7\u00e3o da aprova\u00e7\u00e3o de Andr\u00e9 Mendon\u00e7a&nbsp;\/ Foto: Instagram Michelle Bolsonaro<\/figcaption><\/figure>\n\n\n\n<figure class=\"wp-block-image\"><img src=\"https:\/\/static.cdn.pleno.news\/2021\/12\/262281429_902429570466609_860652688814109030_n.jpg\" alt=\"Comemora\u00e7\u00e3o da aprova\u00e7\u00e3o de Andr\u00e9 Mendon\u00e7a\"\/><figcaption>Comemora\u00e7\u00e3o da aprova\u00e7\u00e3o de Andr\u00e9 Mendon\u00e7a&nbsp;\/ Foto: Instagram Michelle Bolsonaro<\/figcaption><\/figure>\n\n\n\n<figure class=\"wp-block-image\"><img src=\"https:\/\/static.cdn.pleno.news\/2021\/12\/262272191_587530002508527_2496665072920353553_n.jpg\" alt=\"Comemora\u00e7\u00e3o da aprova\u00e7\u00e3o de Andr\u00e9 Mendon\u00e7a\"\/><figcaption>Comemora\u00e7\u00e3o da aprova\u00e7\u00e3o de Andr\u00e9 Mendon\u00e7a&nbsp;\/ Foto: Instagram Michelle Bolsonaro<\/figcaption><\/figure>\n\n\n\n<figure class=\"wp-block-image\"><img src=\"https:\/\/static.cdn.pleno.news\/2021\/12\/262316962_949871079275338_5928277618573324425_n.jpg\" alt=\"Comemora\u00e7\u00e3o da aprova\u00e7\u00e3o de Andr\u00e9 Mendon\u00e7a\"\/><figcaption>Comemora\u00e7\u00e3o da aprova\u00e7\u00e3o de Andr\u00e9 Mendon\u00e7a&nbsp;\/ Foto: Instagram Michelle Bolsonaro<\/figcaption><\/figure>\n\n\n\n<figure class=\"wp-block-image\"><img src=\"https:\/\/static.cdn.pleno.news\/2021\/12\/262840723_648921102959709_2347664674313236318_n.jpg\" alt=\"Comemora\u00e7\u00e3o da aprova\u00e7\u00e3o de Andr\u00e9 Mendon\u00e7a\"\/><figcaption>Comemora\u00e7\u00e3o da aprova\u00e7\u00e3o de Andr\u00e9 Mendon\u00e7a&nbsp;\/ Foto: Instagram Michelle Bolsonaro<\/figcaption><\/figure>\n\n\n\n<figure class=\"wp-block-image\"><img src=\"https:\/\/static.cdn.pleno.news\/2021\/12\/262543483_1056655898508683_6100448612638366604_n.jpg\" alt=\"Comemora\u00e7\u00e3o da aprova\u00e7\u00e3o de Andr\u00e9 Mendon\u00e7a\"\/><figcaption>Comemora\u00e7\u00e3o da aprova\u00e7\u00e3o de Andr\u00e9 Mendon\u00e7a&nbsp;\/ Foto: Instagram Michelle Bolsonaro<\/figcaption><\/figure>\n\n\n\n<ul><li>1&nbsp;de 9<\/li><\/ul>\n\n\n\n<p>A l\u00edngua falada por Michelle \u00e9 um dos dons do Esp\u00edrito Santo descritos na B\u00edblia. A pr\u00e1tica \u00e9 comum em igrejas de linha pentecostal e neopentecostal.<\/p>\n\n\n\n<p>Indicado pelo presidente Jair Bolsonaro, Mendon\u00e7a, que \u00e9 pastor presbiteriano, tornou-se o primeiro ministro declaradamente evang\u00e9lico do STF.<\/p>\n\n\n\n<p><\/p>\n","protected":false},"excerpt":{"rendered":"<p>Nesta segunda-feira (6), a primeira-dama Michelle Bolsonaro rebateu as cr\u00edticas e piadas das quais foi alvo ap\u00f3s repercuss\u00e3o de um v\u00eddeo em que ela aparece comemorando a aprova\u00e7\u00e3o de Andr\u00e9 Mendon\u00e7a para a vaga de ministro do Supremo Tribunal Federal (STF). No v\u00eddeo, gravado na casa do senador evang\u00e9lico Luiz do Carmo, Michelle aparece ao [&hellip;]<\/p>\n","protected":false},"author":2,"featured_media":9984,"comment_status":"open","ping_status":"open","sticky":false,"template":"","format":"standard","meta":[],"categories":[5],"tags":[],"_links":{"self":[{"href":"https:\/\/dgospel.com.br\/portal\/index.php\/wp-json\/wp\/v2\/posts\/9983"}],"collection":[{"href":"https:\/\/dgospel.com.br\/portal\/index.php\/wp-json\/wp\/v2\/posts"}],"about":[{"href":"https:\/\/dgospel.com.br\/portal\/index.php\/wp-json\/wp\/v2\/types\/post"}],"author":[{"embeddable":true,"href":"https:\/\/dgospel.com.br\/portal\/index.php\/wp-json\/wp\/v2\/users\/2"}],"replies":[{"embeddable":true,"href":"https:\/\/dgospel.com.br\/portal\/index.php\/wp-json\/wp\/v2\/comments?post=9983"}],"version-history":[{"count":1,"href":"https:\/\/dgospel.com.br\/portal\/index.php\/wp-json\/wp\/v2\/posts\/9983\/revisions"}],"predecessor-version":[{"id":9985,"href":"https:\/\/dgospel.com.br\/portal\/index.php\/wp-json\/wp\/v2\/posts\/9983\/revisions\/9985"}],"wp:featuredmedia":[{"embeddable":true,"href":"https:\/\/dgospel.com.br\/portal\/index.php\/wp-json\/wp\/v2\/media\/9984"}],"wp:attachment":[{"href":"https:\/\/dgospel.com.br\/portal\/index.php\/wp-json\/wp\/v2\/media?parent=9983"}],"wp:term":[{"taxonomy":"category","embeddable":true,"href":"https:\/\/dgospel.com.br\/portal\/index.php\/wp-json\/wp\/v2\/categories?post=9983"},{"taxonomy":"post_tag","embeddable":true,"href":"https:\/\/dgospel.com.br\/portal\/index.php\/wp-json\/wp\/v2\/tags?post=9983"}],"curies":[{"name":"wp","href":"https:\/\/api.w.org\/{rel}","templated":true}]}}