{"id":9989,"date":"2021-12-07T12:10:19","date_gmt":"2021-12-07T15:10:19","guid":{"rendered":"http:\/\/dgospel.com.br\/portal\/?p=9989"},"modified":"2021-12-07T12:10:21","modified_gmt":"2021-12-07T15:10:21","slug":"wanderlei-barbosa-inaugura-polo-da-universidade-aberta-em-miracema-visita-a-hospital-e-anuncia-melhorias-na-area-da-educacao","status":"publish","type":"post","link":"https:\/\/dgospel.com.br\/portal\/index.php\/2021\/12\/07\/wanderlei-barbosa-inaugura-polo-da-universidade-aberta-em-miracema-visita-a-hospital-e-anuncia-melhorias-na-area-da-educacao\/","title":{"rendered":"Wanderlei Barbosa inaugura polo da Universidade Aberta em Miracema, visita a hospital e anuncia melhorias na \u00e1rea da educa\u00e7\u00e3o"},"content":{"rendered":"\n<p>O governador em exerc\u00edcio do Estado do Tocantins, Wanderlei Barbosa, cumpriu nesta segunda-feira 6, agenda de trabalho em Miracema do Tocantins, onde discutiu com as autoridades pol\u00edticas locais, diversos projetos de interesse do munic\u00edpio nas \u00e1reas seguran\u00e7a p\u00fablica, infraestrutura urbana e sa\u00fade, e anunciou melhorias para a educa\u00e7\u00e3o da cidade.<\/p>\n\n\n\n<p>Durante a agenda de trabalho, Wanderlei Barbosa visitou o Hospital Regional de Miracema, onde ser\u00e1 constru\u00eddo um novo refeit\u00f3rio e realizadas outras adequa\u00e7\u00f5es para melhorar a qualidade dos servi\u00e7os prestados \u00e0 popula\u00e7\u00e3o. A obra est\u00e1 or\u00e7ada em R$ 800 mil. \u201cA sa\u00fade das pessoas \u00e9 nossa obriga\u00e7\u00e3o e queremos que as pessoas que est\u00e3o nos leitos dos hospitais sejam atendidas com qualidade. Quero que as melhorias nas unidades sejam iniciadas nos pr\u00f3ximos dias\u201d, manifestou.<\/p>\n\n\n\n<p>Na ocasi\u00e3o, a prefeita de Miracema, Camila Fernandes, agradeceu, em nome de toda a popula\u00e7\u00e3o, o apoio dispensado pelo Governador ao munic\u00edpio. \u201cA melhoria do atendimento na sa\u00fade \u00e9 uma demanda da popula\u00e7\u00e3o e sabemos do comprometimento do Governador com as nossas demandas. O povo de Miracema s\u00f3 tem a ganhar com essa parceria com o Governo do Estado\u201d, completou.<\/p>\n\n\n\n<p><strong>Inaugura\u00e7\u00e3o<\/strong><\/p>\n\n\n\n<p>O Governador tamb\u00e9m inaugurou o Polo de Educa\u00e7\u00e3o a Dist\u00e2ncia da Universidade Aberta do Brasil (UAB) e o Centro Vocacional Tecnol\u00f3gico (CVT), em Miracema. No local s\u00e3o realizadas, desde 2020, as aulas presenciais e acompanhamento pedag\u00f3gico de estudantes do curso de licenciatura em Matem\u00e1tica, ofertado pela Universidade Federal do Tocantins (UFT), por meio do Sistema Universidade Aberta do Brasil (UAB).&nbsp;Al\u00e9m disso, \u00e9 realizado o acompanhamento e a orienta\u00e7\u00e3o para os estudos, as pr\u00e1ticas laboratoriais e as avalia\u00e7\u00f5es presenciais dos cursos do Programa Nacional de Acesso ao Ensino T\u00e9cnico e Emprego (Pronatec).<\/p>\n\n\n\n<p><strong>Investimento em Educa\u00e7\u00e3o<\/strong><\/p>\n\n\n\n<p>Ainda na \u00e1rea da educa\u00e7\u00e3o, o Governador visitou o Col\u00e9gio Militar do Estado do Tocantins Santa Terezinha e realizou a entrega de mobili\u00e1rio a oito unidades escolares da rede estadual de ensino. Ao todo, foram entregues 2.485 conjuntos-aluno para atender \u00e0 demanda das escolas, o que representa um investimento de mais de R$ 1,2 milh\u00e3o.<\/p>\n\n\n\n<p>Foram contempladas o Centro de Ensino M\u00e9dio Dona Filomena Moreira de Paula; Col\u00e9gio Militar do Estado do Tocantins &#8211; Santa Terezinha; Col\u00e9gio Tocantins; Escola Especial Um Raio de Luz; Escola Estadual Jos\u00e9 Damasceno Vasconcelos; Escola Estadual Onesina Bandeira; Escola Estadual Oscar Sardinha; e Escola Ind\u00edgena Kawahazase.<\/p>\n\n\n\n<p>Durante a solenidade de entrega, Wanderlei Barbosa, afirmou que vai atender a categoria dos professores com o pagamento das datas-bases e progress\u00f5es, e que vai investir na aquisi\u00e7\u00e3o de novos mobili\u00e1rios e na melhoria da estrutura f\u00edsica das unidades escolares. \u201cA determina\u00e7\u00e3o desse Governo \u00e9 que os profissionais da Educa\u00e7\u00e3o sejam reconhecidos, porque sei da import\u00e2ncia dessa categoria\u201d, frisou.<\/p>\n\n\n\n<p>Na ocasi\u00e3o, o Governador anunciou aumento dos recursos para gest\u00e3o compartilhada das escolas. \u201cOs repasses constitucionais estamos fazendo em dia, mas queremos que sejam feitos dentro de um calend\u00e1rio que os prefeitos possam tamb\u00e9m resolver os problemas dos seus munic\u00edpios e estamos passando mais duas parcelas\u201d, adiantou.<\/p>\n\n\n\n<p><strong>Tocantins em A\u00e7\u00e3o<\/strong><\/p>\n\n\n\n<p>Simultaneamente \u00e0 agenda do Governador em Miracema, o Governo do Tocantins, por meio da Secret\u00e1ria de Estado do Trabalho e Assist\u00eancia Social (Setas), realizou as a\u00e7\u00f5es do programa Tocantins em A\u00e7\u00e3o, com emiss\u00e3o de carteira de trabalho e orienta\u00e7\u00e3o sobre entrevista de emprego e seguro desemprego. O projeto tamb\u00e9m incluiu a realiza\u00e7\u00e3o de workshop de beleza e oficina de panifica\u00e7\u00e3o.<\/p>\n\n\n\n<p><strong>Cidad\u00e3o de Miracema<\/strong><\/p>\n\n\n\n<p>Ainda durante a agenda, a C\u00e2mara de Vereadores de Miracema entregou o T\u00edtulo de Cidad\u00e3o Miracemense ao governador Wanderlei Barbosa. O presidente do C\u00e2mara, vereador N\u00fabio Gomes, destacou as virtudes pol\u00edticas de Wanderlei Barbosa e disse que o Estado do Tocantins est\u00e1 em boas m\u00e3os. \u201cEle \u00e9 um tocantinense nato e fala a l\u00edngua do povo. Esse t\u00edtulo \u00e9 pelo seu legado como homem p\u00fablico e a aten\u00e7\u00e3o que sempre dedicou ao povo de Miracema\u201d, destacou.&nbsp;<\/p>\n\n\n\n<p>\u201cO T\u00edtulo de Cidad\u00e3o Miracemense aumenta a nossa rela\u00e7\u00e3o com a cidade de Miracema e ser\u00e1 exposto em nosso gabinete de maneira honrosa\u201d, agradeceu o Governador.&nbsp;<\/p>\n\n\n\n<p><strong>Presen\u00e7as<\/strong><\/p>\n\n\n\n<p>A agenda do governador Wanderlei Barbosa foi acompanhada pelo deputado federal Eli Borges; os deputados estaduais Ricardo Aires, Nilton Franco, L\u00e9o Barbosa, Vanda Monteiro, Vilmar Oliveira, Jorge Frederico, Ivory de Lira; secret\u00e1rios de Estado e demais autoridades pol\u00edticas da regi\u00e3o.<\/p>\n\n\n\n<p>Edi\u00e7\u00e3o: Luiz Melchiades<\/p>\n\n\n\n<figure class=\"wp-block-image\"><img src=\"https:\/\/central.to.gov.br\/image\/273065?w=670&amp;h=383\" alt=\"\"\/><\/figure>\n\n\n\n<p>Agenda do Governador em Miracema \u00e9 acompanhada pela prefeita da cidade, Camila Fernandes, diversas autoridades pol\u00edticas e mun\u00edcipes &#8211; Whashington Luiz\/Governo do Tocantins&nbsp;<a href=\"https:\/\/central.to.gov.br\/image\/273065?f=1\" target=\"_blank\" rel=\"noreferrer noopener\"><em>file_download<\/em><\/a><\/p>\n\n\n\n<figure class=\"wp-block-image\"><img src=\"https:\/\/central.to.gov.br\/image\/273066?w=670&amp;h=383\" alt=\"\"\/><\/figure>\n\n\n\n<p>Durante agenda de trabalho em Miracema, governador Wanderlei Barbosa visitou Hospital Regional &#8211; Whashington Luiz\/Governo do Tocantins&nbsp;<a href=\"https:\/\/central.to.gov.br\/image\/273066?f=1\" target=\"_blank\" rel=\"noreferrer noopener\"><em>file_download<\/em><\/a><\/p>\n\n\n\n<figure class=\"wp-block-image\"><img src=\"https:\/\/central.to.gov.br\/image\/273067?w=670&amp;h=383\" alt=\"\"\/><\/figure>\n\n\n\n<p>Governador discutiu com as autoridades pol\u00edticas locais diversos projetos de interesse do munic\u00edpio nas \u00e1reas seguran\u00e7a p\u00fablica, infraestrutura urbana e sa\u00fade &#8211; Whashington Luiz\/Governo do Tocantins&nbsp;<a href=\"https:\/\/central.to.gov.br\/image\/273067?f=1\" target=\"_blank\" rel=\"noreferrer noopener\"><em>file_download<\/em><\/a><\/p>\n\n\n\n<figure class=\"wp-block-image\"><img src=\"https:\/\/central.to.gov.br\/image\/273068?w=670&amp;h=383\" alt=\"\"\/><\/figure>\n\n\n\n<p>Ainda na \u00e1rea da educa\u00e7\u00e3o, o Governador visitou o Col\u00e9gio Militar do Estado do Tocantins Santa Terezinha e realizou a entrega de mobili\u00e1rio a oito unidades escolares da rede estadual de ensino &#8211; Whashington Luiz\/Governo do Tocantins.<\/p>\n\n\n\n<figure class=\"wp-block-image\"><img src=\"https:\/\/central.to.gov.br\/image\/273069?w=670&amp;h=383\" alt=\"\"\/><\/figure>\n\n\n\n<p>Hospital Regional de Miracema est\u00e1 recebendo obras de melhorias para melhorar o atendimento \u00e0 popula\u00e7\u00e3o, or\u00e7ada em R$ 800 mil &#8211; Whashington Luiz\/Governo do Tocantins.<\/p>\n","protected":false},"excerpt":{"rendered":"<p>O governador em exerc\u00edcio do Estado do Tocantins, Wanderlei Barbosa, cumpriu nesta segunda-feira 6, agenda de trabalho em Miracema do Tocantins, onde discutiu com as autoridades pol\u00edticas locais, diversos projetos de interesse do munic\u00edpio nas \u00e1reas seguran\u00e7a p\u00fablica, infraestrutura urbana e sa\u00fade, e anunciou melhorias para a educa\u00e7\u00e3o da cidade. Durante a agenda de trabalho, [&hellip;]<\/p>\n","protected":false},"author":2,"featured_media":9990,"comment_status":"open","ping_status":"open","sticky":false,"template":"","format":"standard","meta":[],"categories":[3],"tags":[13],"_links":{"self":[{"href":"https:\/\/dgospel.com.br\/portal\/index.php\/wp-json\/wp\/v2\/posts\/9989"}],"collection":[{"href":"https:\/\/dgospel.com.br\/portal\/index.php\/wp-json\/wp\/v2\/posts"}],"about":[{"href":"https:\/\/dgospel.com.br\/portal\/index.php\/wp-json\/wp\/v2\/types\/post"}],"author":[{"embeddable":true,"href":"https:\/\/dgospel.com.br\/portal\/index.php\/wp-json\/wp\/v2\/users\/2"}],"replies":[{"embeddable":true,"href":"https:\/\/dgospel.com.br\/portal\/index.php\/wp-json\/wp\/v2\/comments?post=9989"}],"version-history":[{"count":1,"href":"https:\/\/dgospel.com.br\/portal\/index.php\/wp-json\/wp\/v2\/posts\/9989\/revisions"}],"predecessor-version":[{"id":9991,"href":"https:\/\/dgospel.com.br\/portal\/index.php\/wp-json\/wp\/v2\/posts\/9989\/revisions\/9991"}],"wp:featuredmedia":[{"embeddable":true,"href":"https:\/\/dgospel.com.br\/portal\/index.php\/wp-json\/wp\/v2\/media\/9990"}],"wp:attachment":[{"href":"https:\/\/dgospel.com.br\/portal\/index.php\/wp-json\/wp\/v2\/media?parent=9989"}],"wp:term":[{"taxonomy":"category","embeddable":true,"href":"https:\/\/dgospel.com.br\/portal\/index.php\/wp-json\/wp\/v2\/categories?post=9989"},{"taxonomy":"post_tag","embeddable":true,"href":"https:\/\/dgospel.com.br\/portal\/index.php\/wp-json\/wp\/v2\/tags?post=9989"}],"curies":[{"name":"wp","href":"https:\/\/api.w.org\/{rel}","templated":true}]}}