{"id":9995,"date":"2021-12-07T12:16:12","date_gmt":"2021-12-07T15:16:12","guid":{"rendered":"http:\/\/dgospel.com.br\/portal\/?p=9995"},"modified":"2021-12-07T12:16:12","modified_gmt":"2021-12-07T15:16:12","slug":"governo-do-tocantins-orienta-municipios-para-elaboracao-do-planos-municipais-de-assistencia-social","status":"publish","type":"post","link":"https:\/\/dgospel.com.br\/portal\/index.php\/2021\/12\/07\/governo-do-tocantins-orienta-municipios-para-elaboracao-do-planos-municipais-de-assistencia-social\/","title":{"rendered":"Governo do Tocantins orienta munic\u00edpios para elabora\u00e7\u00e3o do planos municipais de Assist\u00eancia Social"},"content":{"rendered":"\n<p>O Governo do Tocantins, por meio da Secretaria do Trabalho e Desenvolvimento Social (Setas), promove, at\u00e9 o dia 15 de dezembro, a capacita\u00e7\u00e3o on-line regionalizada para elabora\u00e7\u00e3o do Plano Municipal de Assist\u00eancia Social, um instrumento de planejamento que nortear\u00e1 as a\u00e7\u00f5es da gest\u00e3o, dos servi\u00e7os, programas, projetos e benef\u00edcios do Sistema \u00danico da Assist\u00eancia Social (Suas) nos pr\u00f3ximos quatro anos (2022 a 2025).<\/p>\n\n\n\n<p>As capacita\u00e7\u00f5es ocorrem em tr\u00eas etapas, sendo que as regionais Norte I, II e III, participaram de 1\u00ba a 3 de dezembro; a segunda turma, das regionais Sudeste e Sudoeste, est\u00e3o sendo realizadas desta segunda, 6, a quarta-feira, 8; e a terceira turma, regionais Centro Leste e Centro Oeste, participar\u00e3o no per\u00edodo de 13 a 15 de dezembro.<\/p>\n\n\n\n<p>De acordo com a assistente social e t\u00e9cnica da Ger\u00eancia dos Programas do Suas, Rosinalva da Silva Alves, as capacita\u00e7\u00f5es t\u00eam o objetivo de prestar apoio t\u00e9cnico&nbsp;\u00e0s equipes municipais para elabora\u00e7\u00e3o do Plano Municipal de Assist\u00eancia Social (PMAS). \u201cEsse plano tem vig\u00eancia de 4 anos e nessas capacita\u00e7\u00f5es temos abordado diversos temas referentes \u00e0 pol\u00edtica de assist\u00eancia social, planejamento,&nbsp;pe\u00e7as or\u00e7ament\u00e1rias e a estrutura\u00e7\u00e3o do PMAS. O trabalho \u00e9 on-line, mas tem sido muito interativo e com o uso de muitos recursos\u201d, aponta a t\u00e9cnica da Setas.<\/p>\n\n\n\n<p>O p\u00fablico-alvo s\u00e3o os gestores municipais de Assist\u00eancia Social, sendo secret\u00e1rios de Assist\u00eancia Social, um t\u00e9cnico do planejamento do Suas e um conselheiro de cada munic\u00edpio.<\/p>\n\n\n\n<p>Para a secret\u00e1ria Municipal de Assist\u00eancia Social de Angico, regi\u00e3o norte do Estado, Deusivan Sousa dos Santos Oliveira, foi um momento de muito debate e troca de experi\u00eancias. \u201cQuanto mais nos capacitamos mais aptos a desempenhar nossas fun\u00e7\u00f5es nos tornamos. A pol\u00edtica de assist\u00eancia social est\u00e1 sempre nos trazendo novos desafios e atualizar nossos conhecimentos \u00e9 fundamental\u201d , apontou a gestora, que tamb\u00e9m chamou a aten\u00e7\u00e3o para a grande participa\u00e7\u00e3o dos munic\u00edpios da regi\u00e3o norte. \u201cOs treinamentos presenciais s\u00e3o muito bons, pois nos aproxima, mas o fato de ter sido on-line deu oportunidade de quase todos participarem\u201d, conclui Deusivan.<\/p>\n\n\n\n<p>Quem tamb\u00e9m agradeceu a oportunidade de se aperfei\u00e7oar foi o articulador Emanoel Aires, representante do F\u00f3rum dos Trabalhadores do Suas no Tocantins (Fetsuas). \u201cA capacita\u00e7\u00e3o est\u00e1 sendo excelente, porque est\u00e1 resgatando e fortalecendo a import\u00e2ncia de se saber mais e melhor sobre o Suas. Traz tamb\u00e9m algumas mudan\u00e7as e est\u00e1 sendo encorajadora\u201d, coloca o representante dos trabalhadores.<\/p>\n\n\n\n<p><strong>Plano Municipal de Assist\u00eancia Social<\/strong><\/p>\n\n\n\n<p>O plano \u00e9 o instrumento que permite organizar, regular e nortear a execu\u00e7\u00e3o da pol\u00edtica p\u00fablica de assist\u00eancia social definindo suas prioridades de a\u00e7\u00f5es nos n\u00edveis de prote\u00e7\u00e3o social b\u00e1sica e especial.<\/p>\n\n\n\n<p>A formula\u00e7\u00e3o e implementa\u00e7\u00e3o do plano exige o diagn\u00f3stico da realidade socioassistencial com a identifica\u00e7\u00e3o dos territ\u00f3rios de vulnerabilidade social, como unidade de an\u00e1lise; o mapeamento e cobertura da rede prestadora de servi\u00e7os; a defini\u00e7\u00e3o de diretrizes, prioridades e objetivos.<\/p>\n","protected":false},"excerpt":{"rendered":"<p>O Governo do Tocantins, por meio da Secretaria do Trabalho e Desenvolvimento Social (Setas), promove, at\u00e9 o dia 15 de dezembro, a capacita\u00e7\u00e3o on-line regionalizada para elabora\u00e7\u00e3o do Plano Municipal de Assist\u00eancia Social, um instrumento de planejamento que nortear\u00e1 as a\u00e7\u00f5es da gest\u00e3o, dos servi\u00e7os, programas, projetos e benef\u00edcios do Sistema \u00danico da Assist\u00eancia Social [&hellip;]<\/p>\n","protected":false},"author":2,"featured_media":9996,"comment_status":"open","ping_status":"open","sticky":false,"template":"","format":"standard","meta":[],"categories":[3],"tags":[],"_links":{"self":[{"href":"https:\/\/dgospel.com.br\/portal\/index.php\/wp-json\/wp\/v2\/posts\/9995"}],"collection":[{"href":"https:\/\/dgospel.com.br\/portal\/index.php\/wp-json\/wp\/v2\/posts"}],"about":[{"href":"https:\/\/dgospel.com.br\/portal\/index.php\/wp-json\/wp\/v2\/types\/post"}],"author":[{"embeddable":true,"href":"https:\/\/dgospel.com.br\/portal\/index.php\/wp-json\/wp\/v2\/users\/2"}],"replies":[{"embeddable":true,"href":"https:\/\/dgospel.com.br\/portal\/index.php\/wp-json\/wp\/v2\/comments?post=9995"}],"version-history":[{"count":1,"href":"https:\/\/dgospel.com.br\/portal\/index.php\/wp-json\/wp\/v2\/posts\/9995\/revisions"}],"predecessor-version":[{"id":9997,"href":"https:\/\/dgospel.com.br\/portal\/index.php\/wp-json\/wp\/v2\/posts\/9995\/revisions\/9997"}],"wp:featuredmedia":[{"embeddable":true,"href":"https:\/\/dgospel.com.br\/portal\/index.php\/wp-json\/wp\/v2\/media\/9996"}],"wp:attachment":[{"href":"https:\/\/dgospel.com.br\/portal\/index.php\/wp-json\/wp\/v2\/media?parent=9995"}],"wp:term":[{"taxonomy":"category","embeddable":true,"href":"https:\/\/dgospel.com.br\/portal\/index.php\/wp-json\/wp\/v2\/categories?post=9995"},{"taxonomy":"post_tag","embeddable":true,"href":"https:\/\/dgospel.com.br\/portal\/index.php\/wp-json\/wp\/v2\/tags?post=9995"}],"curies":[{"name":"wp","href":"https:\/\/api.w.org\/{rel}","templated":true}]}}