{"id":9998,"date":"2021-12-07T12:30:53","date_gmt":"2021-12-07T15:30:53","guid":{"rendered":"http:\/\/dgospel.com.br\/portal\/?p=9998"},"modified":"2021-12-07T12:30:55","modified_gmt":"2021-12-07T15:30:55","slug":"jornalista-diz-que-evangelicos-sao-gente-bizarra-e-alexandre-garcia-repudia-preconceito","status":"publish","type":"post","link":"https:\/\/dgospel.com.br\/portal\/index.php\/2021\/12\/07\/jornalista-diz-que-evangelicos-sao-gente-bizarra-e-alexandre-garcia-repudia-preconceito\/","title":{"rendered":"Jornalista diz que evang\u00e9licos s\u00e3o \u2018gente bizarra\u2019 e Alexandre Garcia repudia \u2018preconceito\u2019"},"content":{"rendered":"\n<p> O jornalista Alexandre Garcia comentou em seu canal a cobertura da imprensa sobre a comemora\u00e7\u00e3o ap\u00f3s aprova\u00e7\u00e3o do pastor Andr\u00e9 Mendon\u00e7a para a vaga no Supremo Tribunal Federal, e denunciou o \u201cpreconceito religioso contra os evang\u00e9licos\u201d. Um dos mais despudorados foi Diogo Mainardi ao classificar os fi\u00e9is como \u201cgente bizarra\u201d. <\/p>\n\n\n\n<p>Um v\u00eddeo, em que a primeira-dama Michelle Bolsonaro aparece&nbsp;<a href=\"https:\/\/noticias.gospelmais.com.br\/forte-corajoso-primeira-dama-andre-mendonca-150722.html\"><strong>comemorando a vit\u00f3ria no Senado<\/strong><\/a>&nbsp;junto com a fam\u00edlia de Andr\u00e9 Mendon\u00e7a circulou nas redes sociais. Na imprensa, o momento foi tratado de maneira jocosa.<\/p>\n\n\n\n<p>Nas redes sociais, o jornalista Diogo Mainardi se tornou um s\u00edmbolo dessa m\u00e1 vontade contra os evang\u00e9licos ao comentar a not\u00edcia de que a primeira-dama deu gl\u00f3rias a Deus pela vit\u00f3ria de Mendon\u00e7a: \u201cGente bizarra\u201d.<\/p>\n\n\n\n<p>Alexandre Garcia n\u00e3o deixou em branco: \u201cVoc\u00eas notaram, claro. Eu tamb\u00e9m notei [\u2026] o preconceito religioso contra os evang\u00e9licos, expresso na m\u00eddia. \u00c9 s\u00f3 a gente examinar o notici\u00e1rio da escolha de Andr\u00e9 Mendon\u00e7a que est\u00e1 l\u00e1 o preconceito sempre presente\u201d.<\/p>\n\n\n\n<p>\u201cPor que ser\u00e1? Toda hora est\u00e3o falando contra preconceitos. N\u00e3o pode falar. Cuidado com religi\u00e3o afro, por exemplo. Cuidado com o sujeito que tem excesso de peso. \u2018N\u00e3o, n\u00e3o pode, n\u00e3o pode\u2019. Mas contra evang\u00e9lico, pode. Por qu\u00ea? \u00c9 porque a ideologia, a paix\u00e3o, \u00e9 mais forte e passa por cima. Que vergonha\u201d, acrescentou.<\/p>\n\n\n\n<p>O veterano jornalista, conhecido por sua passagem na&nbsp;<em>Globo<\/em>&nbsp;e, mais recentemente, por sua demiss\u00e3o da&nbsp;<em>CNN<\/em>&nbsp;por expressar uma opini\u00e3o sobre o combate \u00e0 pandemia, encerrou dizendo que a m\u00eddia est\u00e1 permeada de um pensamento intolerante:<\/p>\n\n\n\n<p>\u201cEu fico chocado com isso porque n\u00e3o \u00e9 o \u2018politicamente correto\u2019. N\u00e3o \u00e9 isso. \u00c9 tend\u00eancia ideol\u00f3gica. O \u2018politicamente correto\u2019 que vale para uma coisa, n\u00e3o vale para outra. Vale s\u00f3 para aquilo que \u2018n\u00f3s aprovamos\u2019. Ou seja: isso \u00e9 totalitarismo\u201d,&nbsp;<a target=\"_blank\" href=\"https:\/\/www.youtube.com\/watch?v=R9_0btqev2k\" rel=\"noreferrer noopener\">constatou<\/a>.<\/p>\n\n\n\n<figure class=\"wp-block-image\"><a href=\"https:\/\/twitter.com\/diogomainardi\/status\/1467046779871023109\"><img src=\"https:\/\/noticias.gospelmais.com.br\/files\/2021\/12\/diogo-mainardi-gente-bizarra-600x487.jpg\" alt=\"Jornalista diz que evang\u00e9licos s\u00e3o \u2018gente bizarra\u2019 e Alexandre Garcia repudia 'preconceito'\" class=\"wp-image-150744\"\/><\/a><figcaption>No Twitter, Diogo Mainardi explicita sua avalia\u00e7\u00e3o sobre evang\u00e9licos<\/figcaption><\/figure>\n\n\n\n\n\n<figure class=\"wp-block-embed-twitter wp-block-embed is-type-rich is-provider-twitter\"><div class=\"wp-block-embed__wrapper\">\n<blockquote class=\"twitter-tweet\" data-width=\"550\" data-dnt=\"true\"><p lang=\"und\" dir=\"ltr\"> <a href=\"https:\/\/t.co\/LJZd1ExlxY\">pic.twitter.com\/LJZd1ExlxY<\/a><\/p>&mdash; R R (@ZabucaRodrigo) <a href=\"https:\/\/twitter.com\/ZabucaRodrigo\/status\/1467162605093597197?ref_src=twsrc%5Etfw\">December 4, 2021<\/a><\/blockquote><script async src=\"https:\/\/platform.twitter.com\/widgets.js\" charset=\"utf-8\"><\/script>\n<\/div><\/figure>\n\n\n\n<figure class=\"wp-block-embed-youtube wp-block-embed is-type-video is-provider-youtube wp-embed-aspect-16-9 wp-has-aspect-ratio\"><div class=\"wp-block-embed__wrapper\">\n<iframe loading=\"lazy\" title=\"Alcolumbre trancava 10 indica\u00e7\u00f5es no Judici\u00e1rio\" width=\"630\" height=\"354\" src=\"https:\/\/www.youtube.com\/embed\/R9_0btqev2k?start=24&#038;feature=oembed\" frameborder=\"0\" allow=\"accelerometer; autoplay; clipboard-write; encrypted-media; gyroscope; picture-in-picture\" allowfullscreen><\/iframe>\n<\/div><\/figure>\n","protected":false},"excerpt":{"rendered":"<p>O jornalista Alexandre Garcia comentou em seu canal a cobertura da imprensa sobre a comemora\u00e7\u00e3o ap\u00f3s aprova\u00e7\u00e3o do pastor Andr\u00e9 Mendon\u00e7a para a vaga no Supremo Tribunal Federal, e denunciou o \u201cpreconceito religioso contra os evang\u00e9licos\u201d. Um dos mais despudorados foi Diogo Mainardi ao classificar os fi\u00e9is como \u201cgente bizarra\u201d. Um v\u00eddeo, em que a [&hellip;]<\/p>\n","protected":false},"author":2,"featured_media":9999,"comment_status":"open","ping_status":"open","sticky":false,"template":"","format":"standard","meta":[],"categories":[4],"tags":[14],"_links":{"self":[{"href":"https:\/\/dgospel.com.br\/portal\/index.php\/wp-json\/wp\/v2\/posts\/9998"}],"collection":[{"href":"https:\/\/dgospel.com.br\/portal\/index.php\/wp-json\/wp\/v2\/posts"}],"about":[{"href":"https:\/\/dgospel.com.br\/portal\/index.php\/wp-json\/wp\/v2\/types\/post"}],"author":[{"embeddable":true,"href":"https:\/\/dgospel.com.br\/portal\/index.php\/wp-json\/wp\/v2\/users\/2"}],"replies":[{"embeddable":true,"href":"https:\/\/dgospel.com.br\/portal\/index.php\/wp-json\/wp\/v2\/comments?post=9998"}],"version-history":[{"count":1,"href":"https:\/\/dgospel.com.br\/portal\/index.php\/wp-json\/wp\/v2\/posts\/9998\/revisions"}],"predecessor-version":[{"id":10000,"href":"https:\/\/dgospel.com.br\/portal\/index.php\/wp-json\/wp\/v2\/posts\/9998\/revisions\/10000"}],"wp:featuredmedia":[{"embeddable":true,"href":"https:\/\/dgospel.com.br\/portal\/index.php\/wp-json\/wp\/v2\/media\/9999"}],"wp:attachment":[{"href":"https:\/\/dgospel.com.br\/portal\/index.php\/wp-json\/wp\/v2\/media?parent=9998"}],"wp:term":[{"taxonomy":"category","embeddable":true,"href":"https:\/\/dgospel.com.br\/portal\/index.php\/wp-json\/wp\/v2\/categories?post=9998"},{"taxonomy":"post_tag","embeddable":true,"href":"https:\/\/dgospel.com.br\/portal\/index.php\/wp-json\/wp\/v2\/tags?post=9998"}],"curies":[{"name":"wp","href":"https:\/\/api.w.org\/{rel}","templated":true}]}}